{"id":7249,"date":"2024-09-07T16:39:57","date_gmt":"2024-09-07T15:39:57","guid":{"rendered":"https:\/\/staging.ordemdosfisioterapeutas.pt\/?p=7249"},"modified":"2024-09-07T16:41:03","modified_gmt":"2024-09-07T15:41:03","slug":"programa-split-lanca-as-bases-para-a-expansao-no-ambito-do-dia-mundial-da-fisioterapia","status":"publish","type":"post","link":"https:\/\/staging.ordemdosfisioterapeutas.pt\/es\/noticias\/programa-split-lanca-as-bases-para-a-expansao-no-ambito-do-dia-mundial-da-fisioterapia\/","title":{"rendered":"El programa SPLIT sienta las bases de su expansi\u00f3n en el marco del D\u00eda Mundial de la Fisioterapia"},"content":{"rendered":"<div data-elementor-type=\"wp-post\" data-elementor-id=\"7249\" class=\"elementor elementor-7249\" data-elementor-post-type=\"post\">\n\t\t\t\t<div class=\"elementor-element elementor-element-f992ae0 e-flex e-con-boxed e-con e-parent\" data-id=\"f992ae0\" data-element_type=\"container\" data-e-type=\"container\">\n\t\t\t\t\t<div class=\"e-con-inner\">\n\t\t\t\t<div class=\"elementor-element elementor-element-4bb36f1 elementor-widget elementor-widget-text-editor\" data-id=\"4bb36f1\" data-element_type=\"widget\" data-e-type=\"widget\" data-widget_type=\"text-editor.default\">\n\t\t\t\t<div class=\"elementor-widget-container\">\n\t\t\t\t\t\t\t\t\t<p>En el marco del <span style=\"text-decoration: underline;\"><a href=\"https:\/\/world.physio\/wptday\">D\u00eda Mundial de la Fisioterapia<\/a><\/span> (8 de septiembre), que este a\u00f1o se centra en la <strong>dolor lumbar<\/strong> (lumbalgia) y el papel de la fisioterapia en su evaluaci\u00f3n y tratamiento, la Orden de Fisioterapeutas, en colaboraci\u00f3n con la Escuela de Salud del Instituto Polit\u00e9cnico de Set\u00fabal, est\u00e1 iniciando la ampliaci\u00f3n de la <strong>Programa SPLIT<\/strong>que est\u00e1 alineado con el Plan Nacional de Salud 2030 de la Direcci\u00f3n General de Sanidad.<\/p><p>SPLIT, que ya ha sido desarrollado e implantado en la Agrupaci\u00f3n de Centros de Salud de Arr\u00e1bida - ARSLVT, es un programa innovador en este campo. <strong>evaluaci\u00f3n y tratamiento de la lumbalgia<\/strong>.<\/p><p>Utiliza una herramienta de cribado que clasifica a las personas con episodios de lumbalgia en tres categor\u00edas de riesgo de desarrollar s\u00edntomas persistentes e incapacitantes (bajo, medio y alto), y que mostr\u00f3 resultados prometedores en el estudio piloto.<\/p><p>En un<strong>\u00a0muestra de unos 500 usuarios<\/strong> en este programa, 6 meses despu\u00e9s de la consulta inicial, fue <strong>reducido, <\/strong><strong>en torno a 80%, la probabilidad de padecer lumbalgia persistente e incapacitante.<\/strong><\/p><p>Tambi\u00e9n en t\u00e9rminos de\u00a0<strong>prescripci\u00f3n de medios complementarios de diagn\u00f3stico y medicaci\u00f3n,\u00a0<\/strong>este programa ha permitido<strong>\u00a0reducir cada uno de estos indicadores en unos 30%.<\/strong><\/p><p>Recientemente, el <strong>Programa SPLIT<\/strong> fue seleccionado para el <span style=\"text-decoration: underline;\"><a href=\"https:\/\/ordemdosfisioterapeutas.pt\/pt\/noticias\/programa-split-aprovado-para-integrar-pacto-saude-sustentavel-passus-2030\/\">1\u00aa fase del Pacto por una Sanidad Sostenible 2030<\/a><\/span>como parte del proceso de aplicaci\u00f3n de la <strong>Plan Nacional de Salud 2030<\/strong>coordinado por la Direcci\u00f3n General de Salud, un proceso colaborativo y multisectorial que orienta e influye en las pol\u00edticas e intervenciones p\u00fablicas con impacto en la salud en Portugal.<\/p><p>Esta fase inicial de aplicaci\u00f3n se centrar\u00e1 en ampliar el programa a otras unidades sanitarias de Portugal que ya cuentan con fisioterapeutas integrados.<\/p><p>Para ello, en esta siguiente fase del proceso, se identificar\u00e1 y consultar\u00e1 a las partes interesadas potenciales, en diversas regiones del pa\u00eds, con el objetivo de <strong>formar fisioterapeutas<\/strong>de <strong>primer semestre<\/strong> de <strong>2025<\/strong>Esto garantizar\u00e1 que m\u00e1s usuarios puedan beneficiarse de este enfoque innovador para tratar el dolor lumbar.<\/p>\t\t\t\t\t\t\t\t<\/div>\n\t\t\t\t<\/div>\n\t\t\t\t\t<\/div>\n\t\t\t\t<\/div>\n\t\t\t\t<\/div>","protected":false},"excerpt":{"rendered":"<p>Como parte de las celebraciones del D\u00eda Mundial de la Fisioterapia (8 de septiembre), que este a\u00f1o se centra en el lumbago (dolor lumbar) y el papel de la fisioterapia en su evaluaci\u00f3n y tratamiento, el Colegio de Fisioterapeutas, en colaboraci\u00f3n con la Escuela de Salud del Instituto Polit\u00e9cnico de Set\u00fabal, est\u00e1 empezando a ampliar el Programa SPLIT, que est\u00e1 alineado con el Plan Nacional de Salud 2030 de la Direcci\u00f3n General de Salud.<\/p>","protected":false},"author":1,"featured_media":7250,"comment_status":"closed","ping_status":"open","sticky":false,"template":"","format":"standard","meta":{"footnotes":""},"categories":[13],"tags":[],"class_list":["post-7249","post","type-post","status-publish","format-standard","has-post-thumbnail","hentry","category-noticias"],"_links":{"self":[{"href":"https:\/\/staging.ordemdosfisioterapeutas.pt\/es\/wp-json\/wp\/v2\/posts\/7249","targetHints":{"allow":["GET"]}}],"collection":[{"href":"https:\/\/staging.ordemdosfisioterapeutas.pt\/es\/wp-json\/wp\/v2\/posts"}],"about":[{"href":"https:\/\/staging.ordemdosfisioterapeutas.pt\/es\/wp-json\/wp\/v2\/types\/post"}],"author":[{"embeddable":true,"href":"https:\/\/staging.ordemdosfisioterapeutas.pt\/es\/wp-json\/wp\/v2\/users\/1"}],"replies":[{"embeddable":true,"href":"https:\/\/staging.ordemdosfisioterapeutas.pt\/es\/wp-json\/wp\/v2\/comments?post=7249"}],"version-history":[{"count":0,"href":"https:\/\/staging.ordemdosfisioterapeutas.pt\/es\/wp-json\/wp\/v2\/posts\/7249\/revisions"}],"wp:featuredmedia":[{"embeddable":true,"href":"https:\/\/staging.ordemdosfisioterapeutas.pt\/es\/wp-json\/wp\/v2\/media\/7250"}],"wp:attachment":[{"href":"https:\/\/staging.ordemdosfisioterapeutas.pt\/es\/wp-json\/wp\/v2\/media?parent=7249"}],"wp:term":[{"taxonomy":"category","embeddable":true,"href":"https:\/\/staging.ordemdosfisioterapeutas.pt\/es\/wp-json\/wp\/v2\/categories?post=7249"},{"taxonomy":"post_tag","embeddable":true,"href":"https:\/\/staging.ordemdosfisioterapeutas.pt\/es\/wp-json\/wp\/v2\/tags?post=7249"}],"curies":[{"name":"wp","href":"https:\/\/api.w.org\/{rel}","templated":true}]}}