{"id":849,"date":"2020-10-07T10:47:47","date_gmt":"2020-10-07T10:47:47","guid":{"rendered":"https:\/\/staging.ordemdosfisioterapeutas.pt\/?p=849"},"modified":"2021-03-16T20:58:11","modified_gmt":"2021-03-16T20:58:11","slug":"parlamento-vota-criacao-de-ordem-dos-fisioterapeutas","status":"publish","type":"post","link":"https:\/\/staging.ordemdosfisioterapeutas.pt\/es\/noticias\/parlamento-vota-criacao-de-ordem-dos-fisioterapeutas\/","title":{"rendered":"El Parlamento vota la creaci\u00f3n de la Orden de Fisioterapeutas"},"content":{"rendered":"<div data-elementor-type=\"wp-post\" data-elementor-id=\"849\" class=\"elementor elementor-849\" data-elementor-post-type=\"post\">\n\t\t\t\t\t\t<section class=\"elementor-section elementor-top-section elementor-element elementor-element-95c0c2e elementor-section-boxed elementor-section-height-default elementor-section-height-default\" data-id=\"95c0c2e\" data-element_type=\"section\" data-e-type=\"section\">\n\t\t\t\t\t\t<div class=\"elementor-container elementor-column-gap-default\">\n\t\t\t\t\t<div class=\"elementor-column elementor-col-100 elementor-top-column elementor-element elementor-element-8341604\" data-id=\"8341604\" data-element_type=\"column\" data-e-type=\"column\">\n\t\t\t<div class=\"elementor-widget-wrap elementor-element-populated\">\n\t\t\t\t\t\t<div class=\"elementor-element elementor-element-5e796e2 elementor-widget elementor-widget-text-editor\" data-id=\"5e796e2\" data-element_type=\"widget\" data-e-type=\"widget\" data-widget_type=\"text-editor.default\">\n\t\t\t\t<div class=\"elementor-widget-container\">\n\t\t\t\t\t\t\t\t\t<p>El Parlamento vot\u00f3 el 3 de julio las propuestas de creaci\u00f3n de la Orden de Fisioterapeutas ya aprobadas en la especialidad parlamentaria.<br \/>La semana pasada, la Comisi\u00f3n parlamentaria de Trabajo dio su aprobaci\u00f3n especial a la creaci\u00f3n de los dos nuevos colegios profesionales, y hoy las propuestas se someter\u00e1n a votaci\u00f3n final en el pleno de la Asamblea de la Rep\u00fablica.<\/p><p>La creaci\u00f3n de la Orden de Fisioterapeutas recibi\u00f3 los votos favorables del PS y el CDS, con la abstenci\u00f3n de los dem\u00e1s partidos.<\/p><p>Por parte del PSD, la diputada Joana Barata Lopes declar\u00f3 a Lusa la semana pasada que el partido se abstuvo porque cree que las organizaciones profesionales deben crearse en casos excepcionales, cuando el Estado no pueda garantizar su regulaci\u00f3n, concretamente debido a conflictos de intereses. Sin embargo, cree que los profesionales no deben ser los que \"paguen\" por la falta de regulaci\u00f3n del Estado.<\/p><p>A finales de 2017, el Consejo Nacional de \u00d3rdenes Profesionales ya manifest\u00f3 su oposici\u00f3n a la creaci\u00f3n de la Orden de Fisioterapeutas y tambi\u00e9n a la idea, que no sali\u00f3 adelante, de crear una Orden de T\u00e9cnicos Sanitarios.<\/p><p>El Consejo, que agrupa a m\u00e1s de 300.000 profesionales regulados, consider\u00f3 entonces que las \u00f3rdenes tienen legislaci\u00f3n propia y s\u00f3lo se justifican en \"circunstancias excepcionales, que deben explicarse\".<\/p><p>En Portugal existen actualmente 16 organizaciones profesionales, ocho de las cuales pertenecen al sector sanitario.<\/p>\t\t\t\t\t\t\t\t<\/div>\n\t\t\t\t<\/div>\n\t\t\t\t<div class=\"elementor-element elementor-element-83ba632 elementor-widget elementor-widget-text-editor\" data-id=\"83ba632\" data-element_type=\"widget\" data-e-type=\"widget\" data-widget_type=\"text-editor.default\">\n\t\t\t\t<div class=\"elementor-widget-container\">\n\t\t\t\t\t\t\t\t\t<p>Fuente: <span style=\"text-decoration: underline;\">P\u00fablico<\/span><\/p>\t\t\t\t\t\t\t\t<\/div>\n\t\t\t\t<\/div>\n\t\t\t\t\t<\/div>\n\t\t<\/div>\n\t\t\t\t\t<\/div>\n\t\t<\/section>\n\t\t\t\t<\/div>","protected":false},"excerpt":{"rendered":"<p>El Parlamento vot\u00f3 el 3 de julio las propuestas de creaci\u00f3n de la Orden de Fisioterapeutas ya aprobadas en la especialidad parlamentaria.<\/p>","protected":false},"author":1,"featured_media":854,"comment_status":"closed","ping_status":"open","sticky":false,"template":"","format":"standard","meta":{"footnotes":""},"categories":[13],"tags":[],"class_list":["post-849","post","type-post","status-publish","format-standard","has-post-thumbnail","hentry","category-noticias"],"_links":{"self":[{"href":"https:\/\/staging.ordemdosfisioterapeutas.pt\/es\/wp-json\/wp\/v2\/posts\/849","targetHints":{"allow":["GET"]}}],"collection":[{"href":"https:\/\/staging.ordemdosfisioterapeutas.pt\/es\/wp-json\/wp\/v2\/posts"}],"about":[{"href":"https:\/\/staging.ordemdosfisioterapeutas.pt\/es\/wp-json\/wp\/v2\/types\/post"}],"author":[{"embeddable":true,"href":"https:\/\/staging.ordemdosfisioterapeutas.pt\/es\/wp-json\/wp\/v2\/users\/1"}],"replies":[{"embeddable":true,"href":"https:\/\/staging.ordemdosfisioterapeutas.pt\/es\/wp-json\/wp\/v2\/comments?post=849"}],"version-history":[{"count":0,"href":"https:\/\/staging.ordemdosfisioterapeutas.pt\/es\/wp-json\/wp\/v2\/posts\/849\/revisions"}],"wp:featuredmedia":[{"embeddable":true,"href":"https:\/\/staging.ordemdosfisioterapeutas.pt\/es\/wp-json\/wp\/v2\/media\/854"}],"wp:attachment":[{"href":"https:\/\/staging.ordemdosfisioterapeutas.pt\/es\/wp-json\/wp\/v2\/media?parent=849"}],"wp:term":[{"taxonomy":"category","embeddable":true,"href":"https:\/\/staging.ordemdosfisioterapeutas.pt\/es\/wp-json\/wp\/v2\/categories?post=849"},{"taxonomy":"post_tag","embeddable":true,"href":"https:\/\/staging.ordemdosfisioterapeutas.pt\/es\/wp-json\/wp\/v2\/tags?post=849"}],"curies":[{"name":"wp","href":"https:\/\/api.w.org\/{rel}","templated":true}]}}