{"id":5562,"global_id":"staging.ordemdosfisioterapeutas.pt\/fr?id=5562","global_id_lineage":["staging.ordemdosfisioterapeutas.pt\/fr?id=5562"],"author":"1","status":"publish","date":"2023-02-11 17:06:28","date_utc":"2023-02-11 17:06:28","modified":"2023-02-11 17:08:02","modified_utc":"2023-02-11 17:08:02","url":"https:\/\/staging.ordemdosfisioterapeutas.pt\/fr\/eventos\/i-congresso-biomedlab\/","rest_url":"https:\/\/staging.ordemdosfisioterapeutas.pt\/fr\/wp-json\/tribe\/events\/v1\/events\/5562","title":"I Congresso BioMedLab","description":"<p>A Ordem dos Fisioterapeutas participa no I Congresso BioMedLab, organizado pela Associa\u00e7\u00e3o Portuguesa de Ci\u00eancias Biom\u00e9dicas Laboratoriais. Estar\u00e1 representada pela Conselheira Andreia Rocha, do Conselho Geral.<\/p>","excerpt":"","slug":"i-congresso-biomedlab","image":false,"all_day":true,"start_date":"2023-03-10 00:00:00","start_date_details":{"year":"2023","month":"03","day":"10","hour":"00","minutes":"00","seconds":"00"},"end_date":"2023-03-12 23:59:59","end_date_details":{"year":"2023","month":"03","day":"12","hour":"23","minutes":"59","seconds":"59"},"utc_start_date":"2023-03-10 00:00:00","utc_start_date_details":{"year":"2023","month":"03","day":"10","hour":"00","minutes":"00","seconds":"00"},"utc_end_date":"2023-03-12 23:59:59","utc_end_date_details":{"year":"2023","month":"03","day":"12","hour":"23","minutes":"59","seconds":"59"},"timezone":"Europe\/Lisbon","timezone_abbr":"WET","cost":"","cost_details":{"currency_symbol":"","currency_code":"","currency_position":"prefix","values":[]},"website":"https:\/\/abiomedlab.org\/","show_map":true,"show_map_link":true,"hide_from_listings":false,"sticky":false,"featured":false,"categories":[{"name":"A Ordem participa","slug":"ordem-participa","term_group":0,"term_taxonomy_id":31,"taxonomy":"tribe_events_cat","description":"","parent":0,"count":5,"filter":"raw","id":31,"urls":{"self":"https:\/\/staging.ordemdosfisioterapeutas.pt\/fr\/wp-json\/tribe\/events\/v1\/categories\/31","collection":"https:\/\/staging.ordemdosfisioterapeutas.pt\/fr\/wp-json\/tribe\/events\/v1\/categories"}}],"tags":[],"venue":{"id":5564,"author":"1","status":"publish","date":"2023-02-11 17:06:28","date_utc":"2023-02-11 17:06:28","modified":"2023-02-11 17:06:28","modified_utc":"2023-02-11 17:06:28","url":"https:\/\/staging.ordemdosfisioterapeutas.pt\/fr\/lieu\/centro-de-congressos-da-alfandega-do-porto\/","venue":"Centro de Congressos da Alf\u00e2ndega do Porto","slug":"centro-de-congressos-da-alfandega-do-porto","json_ld":{"@type":"Place","name":"Centro de Congressos da Alf\u00e2ndega do Porto","description":"","url":"","address":{"@type":"PostalAddress"},"telephone":"","sameAs":""},"show_map":true,"show_map_link":true,"global_id":"staging.ordemdosfisioterapeutas.pt\/fr?id=5564","global_id_lineage":["staging.ordemdosfisioterapeutas.pt\/fr?id=5564"]},"organizer":[{"id":5565,"author":"1","status":"publish","date":"2023-02-11 17:06:28","date_utc":"2023-02-11 17:06:28","modified":"2023-02-11 17:06:28","modified_utc":"2023-02-11 17:06:28","url":"https:\/\/staging.ordemdosfisioterapeutas.pt\/fr\/organisateur\/associacao-portuguesa-de-ciencias-biomedicas-laboratoriais\/","organizer":"Associa\u00e7\u00e3o Portuguesa de Ci\u00eancias Biom\u00e9dicas Laboratoriais","slug":"associacao-portuguesa-de-ciencias-biomedicas-laboratoriais","website":"https:\/\/abiomedlab.org\/","json_ld":{"@type":"Person","name":"Associa\u00e7\u00e3o Portuguesa de Ci\u00eancias Biom\u00e9dicas Laboratoriais","description":"","url":"https:\/\/abiomedlab.org\/","telephone":"","email":"","sameAs":"https:\/\/abiomedlab.org\/"},"global_id":"staging.ordemdosfisioterapeutas.pt\/fr?id=5565","global_id_lineage":["staging.ordemdosfisioterapeutas.pt\/fr?id=5565"]}],"custom_fields":[],"json_ld":{"@context":"http:\/\/schema.org","@type":"Event","name":"I Congresso BioMedLab","description":"&lt;p&gt;A Ordem dos Fisioterapeutas participa no I Congresso BioMedLab, organizado pela Associa\u00e7\u00e3o Portuguesa de Ci\u00eancias Biom\u00e9dicas Laboratoriais. Estar\u00e1 representada pela Conselheira Andreia Rocha, do Conselho Geral.&lt;\/p&gt;\\n","url":"https:\/\/staging.ordemdosfisioterapeutas.pt\/fr\/eventos\/i-congresso-biomedlab\/","eventAttendanceMode":"https:\/\/schema.org\/OfflineEventAttendanceMode","eventStatus":"https:\/\/schema.org\/EventScheduled","startDate":"2023-03-10T00:00:00+00:00","endDate":"2023-03-12T23:59:59+00:00","location":{"@type":"Place","name":"Centro de Congressos da Alf\u00e2ndega do Porto","description":"","url":"","address":{"@type":"PostalAddress"},"telephone":"","sameAs":""},"organizer":{"@type":"Person","name":"Associa\u00e7\u00e3o Portuguesa de Ci\u00eancias Biom\u00e9dicas Laboratoriais","description":"","url":"https:\/\/abiomedlab.org\/","telephone":"","email":"","sameAs":"https:\/\/abiomedlab.org\/"},"performer":"Organization"}}