{"id":175,"date":"2020-09-21T19:25:14","date_gmt":"2020-09-21T19:25:14","guid":{"rendered":"https:\/\/staging.ordemdosfisioterapeutas.pt\/?p=175"},"modified":"2021-03-16T20:58:12","modified_gmt":"2021-03-16T20:58:12","slug":"memorando-de-entendimento-com-a-associacao-portuguesa-de-fisioterapeutas","status":"publish","type":"post","link":"https:\/\/staging.ordemdosfisioterapeutas.pt\/fr\/noticias\/memorando-de-entendimento-com-a-associacao-portuguesa-de-fisioterapeutas\/","title":{"rendered":"Protocole d'accord avec l'Association portugaise des physioth\u00e9rapeutes"},"content":{"rendered":"<div data-elementor-type=\"wp-post\" data-elementor-id=\"175\" class=\"elementor elementor-175\" data-elementor-post-type=\"post\">\n\t\t\t\t\t\t<section class=\"elementor-section elementor-top-section elementor-element elementor-element-4d12443a elementor-section-boxed elementor-section-height-default elementor-section-height-default\" data-id=\"4d12443a\" data-element_type=\"section\" data-e-type=\"section\">\n\t\t\t\t\t\t<div class=\"elementor-container elementor-column-gap-default\">\n\t\t\t\t\t<div class=\"elementor-column elementor-col-100 elementor-top-column elementor-element elementor-element-42d2c726\" data-id=\"42d2c726\" data-element_type=\"column\" data-e-type=\"column\">\n\t\t\t<div class=\"elementor-widget-wrap elementor-element-populated\">\n\t\t\t\t\t\t<div class=\"elementor-element elementor-element-7daa29b4 elementor-widget elementor-widget-text-editor\" data-id=\"7daa29b4\" data-element_type=\"widget\" data-e-type=\"widget\" data-widget_type=\"text-editor.default\">\n\t\t\t\t<div class=\"elementor-widget-container\">\n\t\t\t\t\t\t\t\t\t<p>Le protocole d'accord entre l'Association portugaise des physioth\u00e9rapeutes (APFisio) et le comit\u00e9 d'installation de l'Ordre des physioth\u00e9rapeutes (OF) repr\u00e9sente l'excellente relation institutionnelle entre les deux organisations, dont l'objectif commun est le d\u00e9veloppement de la physioth\u00e9rapie et des physioth\u00e9rapeutes au Portugal.<\/p><p>Suite \u00e0 une r\u00e9union entre les deux organisations en mars dernier, les points d'accord suivants ont \u00e9t\u00e9 conclus entre les deux institutions :<\/p><p>1. D\u00e9velopper des efforts de coop\u00e9ration institutionnelle au niveau national et international en vue de d\u00e9fendre les int\u00e9r\u00eats des physioth\u00e9rapeutes portugais ;<\/p><p>2. \u00c9tablir les conditions progressives et n\u00e9cessaires pour que, d\u00e8s que possible, l'OF ait un si\u00e8ge, par affiliation, au sein de la World Physiotherapy, mettant ainsi fin \u00e0 la participation de l'APFisio \u00e0 cet organisme ;<\/p><p>3. L'APFisio autorise l'OF \u00e0 utiliser les documents de l'APFisio et de World Physiotherapy qu'elle a traduits et adapt\u00e9s et qui peuvent \u00eatre publi\u00e9s par l'OF ;<\/p><p>4. Le comit\u00e9 d'installation de l'OF s'engage \u00e0 d\u00e9finir le mod\u00e8le de relation avec les groupes d'int\u00e9r\u00eat de l'APFisio, jusqu'\u00e0 la cr\u00e9ation formelle des coll\u00e8ges de sp\u00e9cialit\u00e9 de l'OF ;<\/p><p>5. Le conseil d'administration de l'APFisio reconna\u00eet l'OF comme \"h\u00e9ritier\" naturel de son r\u00f4le historique.<\/p>\t\t\t\t\t\t\t\t<\/div>\n\t\t\t\t<\/div>\n\t\t\t\t\t<\/div>\n\t\t<\/div>\n\t\t\t\t\t<\/div>\n\t\t<\/section>\n\t\t\t\t<\/div>","protected":false},"excerpt":{"rendered":"<p>Le protocole d'accord entre l'Association des physioth\u00e9rapeutes portugais (APFisio) et la Commission d'installation de l'Ordre des physioth\u00e9rapeutes (OF) repr\u00e9sente l'excellente relation institutionnelle entre les deux structures...<\/p>","protected":false},"author":1,"featured_media":1469,"comment_status":"open","ping_status":"open","sticky":false,"template":"","format":"standard","meta":{"footnotes":""},"categories":[13],"tags":[],"class_list":["post-175","post","type-post","status-publish","format-standard","has-post-thumbnail","hentry","category-noticias"],"_links":{"self":[{"href":"https:\/\/staging.ordemdosfisioterapeutas.pt\/fr\/wp-json\/wp\/v2\/posts\/175","targetHints":{"allow":["GET"]}}],"collection":[{"href":"https:\/\/staging.ordemdosfisioterapeutas.pt\/fr\/wp-json\/wp\/v2\/posts"}],"about":[{"href":"https:\/\/staging.ordemdosfisioterapeutas.pt\/fr\/wp-json\/wp\/v2\/types\/post"}],"author":[{"embeddable":true,"href":"https:\/\/staging.ordemdosfisioterapeutas.pt\/fr\/wp-json\/wp\/v2\/users\/1"}],"replies":[{"embeddable":true,"href":"https:\/\/staging.ordemdosfisioterapeutas.pt\/fr\/wp-json\/wp\/v2\/comments?post=175"}],"version-history":[{"count":0,"href":"https:\/\/staging.ordemdosfisioterapeutas.pt\/fr\/wp-json\/wp\/v2\/posts\/175\/revisions"}],"wp:featuredmedia":[{"embeddable":true,"href":"https:\/\/staging.ordemdosfisioterapeutas.pt\/fr\/wp-json\/wp\/v2\/media\/1469"}],"wp:attachment":[{"href":"https:\/\/staging.ordemdosfisioterapeutas.pt\/fr\/wp-json\/wp\/v2\/media?parent=175"}],"wp:term":[{"taxonomy":"category","embeddable":true,"href":"https:\/\/staging.ordemdosfisioterapeutas.pt\/fr\/wp-json\/wp\/v2\/categories?post=175"},{"taxonomy":"post_tag","embeddable":true,"href":"https:\/\/staging.ordemdosfisioterapeutas.pt\/fr\/wp-json\/wp\/v2\/tags?post=175"}],"curies":[{"name":"wp","href":"https:\/\/api.w.org\/{rel}","templated":true}]}}