{"id":1819,"date":"2021-02-10T15:35:11","date_gmt":"2021-02-10T15:35:11","guid":{"rendered":"https:\/\/staging.ordemdosfisioterapeutas.pt\/?p=1819"},"modified":"2021-03-16T20:58:11","modified_gmt":"2021-03-16T20:58:11","slug":"dia-mundial-da-educacao","status":"publish","type":"post","link":"https:\/\/staging.ordemdosfisioterapeutas.pt\/fr\/noticias\/dia-mundial-da-educacao\/","title":{"rendered":"Journ\u00e9e mondiale de l'\u00e9ducation"},"content":{"rendered":"<div data-elementor-type=\"wp-post\" data-elementor-id=\"1819\" class=\"elementor elementor-1819\" data-elementor-post-type=\"post\">\n\t\t\t\t\t\t<section class=\"elementor-section elementor-top-section elementor-element elementor-element-7981451c elementor-section-boxed elementor-section-height-default elementor-section-height-default\" data-id=\"7981451c\" data-element_type=\"section\" data-e-type=\"section\">\n\t\t\t\t\t\t<div class=\"elementor-container elementor-column-gap-default\">\n\t\t\t\t\t<div class=\"elementor-column elementor-col-100 elementor-top-column elementor-element elementor-element-130dba98\" data-id=\"130dba98\" data-element_type=\"column\" data-e-type=\"column\">\n\t\t\t<div class=\"elementor-widget-wrap elementor-element-populated\">\n\t\t\t\t\t\t<div class=\"elementor-element elementor-element-5a8189cf elementor-widget elementor-widget-text-editor\" data-id=\"5a8189cf\" data-element_type=\"widget\" data-e-type=\"widget\" data-widget_type=\"text-editor.default\">\n\t\t\t\t<div class=\"elementor-widget-container\">\n\t\t\t\t\t\t\t\t\t\n<p>Tous les \u00eatres humains ont droit \u00e0 l'\u00e9ducation. C'est ce qui est \u00e9crit dans le 26e article de la D\u00e9claration universelle des droits de l'homme, qui souligne que l'\u00e9ducation fait partie int\u00e9grante du \"plein \u00e9panouissement de la personnalit\u00e9 humaine et du renforcement du respect des droits de l'homme et des libert\u00e9s fondamentales\".&nbsp;<\/p>\n\n\n\n<p>Nous avons le privil\u00e8ge de vivre dans une soci\u00e9t\u00e9 moderne, o\u00f9 l'on peut s'interroger sur la qualit\u00e9 de l'enseignement et sa capacit\u00e9 \u00e0 pr\u00e9parer les individus au plein exercice de leur profession. Si l'\u00e9ducation est un enjeu important pour la plupart des institutions, l'Ordre des kin\u00e9sith\u00e9rapeutes a l'une de ses principales priorit\u00e9s dans ce domaine, en particulier dans l'enseignement sup\u00e9rieur.&nbsp;<\/p>\n\n\n\n<p id=\"diaeducacao\">En \u00e9tant plus proches des professionnels et des usagers, nous pr\u00e9servons les int\u00e9r\u00eats des uns et des autres et de la kin\u00e9sith\u00e9rapie en g\u00e9n\u00e9ral. Il est de l'int\u00e9r\u00eat de tous d'assurer la meilleure pr\u00e9paration \u00e0 l'exercice de la profession. Vous pouvez donc compter sur l'Ordre des kin\u00e9sith\u00e9rapeutes pour \u00eatre \u00e0 la pointe de la d\u00e9fense d'un enseignement de qualit\u00e9.<\/p>\n\t\t\t\t\t\t\t\t<\/div>\n\t\t\t\t<\/div>\n\t\t\t\t\t<\/div>\n\t\t<\/div>\n\t\t\t\t\t<\/div>\n\t\t<\/section>\n\t\t\t\t<section class=\"elementor-section elementor-top-section elementor-element elementor-element-a066672 elementor-section-boxed elementor-section-height-default elementor-section-height-default\" data-id=\"a066672\" data-element_type=\"section\" data-e-type=\"section\">\n\t\t\t\t\t\t<div class=\"elementor-container elementor-column-gap-default\">\n\t\t\t\t\t<div class=\"elementor-column elementor-col-100 elementor-top-column elementor-element elementor-element-bb0dddb\" data-id=\"bb0dddb\" data-element_type=\"column\" data-e-type=\"column\">\n\t\t\t<div class=\"elementor-widget-wrap elementor-element-populated\">\n\t\t\t\t\t\t<div class=\"elementor-element elementor-element-ad82858 elementor-widget elementor-widget-image\" data-id=\"ad82858\" data-element_type=\"widget\" data-e-type=\"widget\" data-widget_type=\"image.default\">\n\t\t\t\t<div class=\"elementor-widget-container\">\n\t\t\t\t\t\t\t\t\t\t\t\t\t\t\t<img fetchpriority=\"high\" decoding=\"async\" width=\"855\" height=\"570\" src=\"https:\/\/staging.ordemdosfisioterapeutas.pt\/wp-content\/uploads\/2021\/02\/Contudo-1000px_DiaMundialEducacao.jpg\" class=\"attachment-large size-large wp-image-1820\" alt=\"DiaMundialdaEducacao\" srcset=\"https:\/\/staging.ordemdosfisioterapeutas.pt\/wp-content\/uploads\/2021\/02\/Contudo-1000px_DiaMundialEducacao.jpg 1000w, https:\/\/staging.ordemdosfisioterapeutas.pt\/wp-content\/uploads\/2021\/02\/Contudo-1000px_DiaMundialEducacao-300x200.jpg 300w, https:\/\/staging.ordemdosfisioterapeutas.pt\/wp-content\/uploads\/2021\/02\/Contudo-1000px_DiaMundialEducacao-768x512.jpg 768w, https:\/\/staging.ordemdosfisioterapeutas.pt\/wp-content\/uploads\/2021\/02\/Contudo-1000px_DiaMundialEducacao-16x12.jpg 16w\" sizes=\"(max-width: 855px) 100vw, 855px\" \/>\t\t\t\t\t\t\t\t\t\t\t\t\t\t\t<\/div>\n\t\t\t\t<\/div>\n\t\t\t\t\t<\/div>\n\t\t<\/div>\n\t\t\t\t\t<\/div>\n\t\t<\/section>\n\t\t\t\t<\/div>","protected":false},"excerpt":{"rendered":"<p>Tous les \u00eatres humains ont droit \u00e0 l'\u00e9ducation. C'est ce qui est \u00e9crit dans le 26e article de la D\u00e9claration universelle des droits de l'homme, qui souligne que l'\u00e9ducation fait partie int\u00e9grante du \"plein \u00e9panouissement de la personnalit\u00e9 humaine et du renforcement du respect des droits de l'homme et des libert\u00e9s fondamentales\".<\/p>","protected":false},"author":1,"featured_media":1820,"comment_status":"closed","ping_status":"open","sticky":false,"template":"","format":"standard","meta":{"footnotes":""},"categories":[13],"tags":[],"class_list":["post-1819","post","type-post","status-publish","format-standard","has-post-thumbnail","hentry","category-noticias"],"_links":{"self":[{"href":"https:\/\/staging.ordemdosfisioterapeutas.pt\/fr\/wp-json\/wp\/v2\/posts\/1819","targetHints":{"allow":["GET"]}}],"collection":[{"href":"https:\/\/staging.ordemdosfisioterapeutas.pt\/fr\/wp-json\/wp\/v2\/posts"}],"about":[{"href":"https:\/\/staging.ordemdosfisioterapeutas.pt\/fr\/wp-json\/wp\/v2\/types\/post"}],"author":[{"embeddable":true,"href":"https:\/\/staging.ordemdosfisioterapeutas.pt\/fr\/wp-json\/wp\/v2\/users\/1"}],"replies":[{"embeddable":true,"href":"https:\/\/staging.ordemdosfisioterapeutas.pt\/fr\/wp-json\/wp\/v2\/comments?post=1819"}],"version-history":[{"count":0,"href":"https:\/\/staging.ordemdosfisioterapeutas.pt\/fr\/wp-json\/wp\/v2\/posts\/1819\/revisions"}],"wp:featuredmedia":[{"embeddable":true,"href":"https:\/\/staging.ordemdosfisioterapeutas.pt\/fr\/wp-json\/wp\/v2\/media\/1820"}],"wp:attachment":[{"href":"https:\/\/staging.ordemdosfisioterapeutas.pt\/fr\/wp-json\/wp\/v2\/media?parent=1819"}],"wp:term":[{"taxonomy":"category","embeddable":true,"href":"https:\/\/staging.ordemdosfisioterapeutas.pt\/fr\/wp-json\/wp\/v2\/categories?post=1819"},{"taxonomy":"post_tag","embeddable":true,"href":"https:\/\/staging.ordemdosfisioterapeutas.pt\/fr\/wp-json\/wp\/v2\/tags?post=1819"}],"curies":[{"name":"wp","href":"https:\/\/api.w.org\/{rel}","templated":true}]}}