{"id":1897,"date":"2021-04-01T20:29:28","date_gmt":"2021-04-01T20:29:28","guid":{"rendered":"https:\/\/staging.ordemdosfisioterapeutas.pt\/?p=1897"},"modified":"2021-04-01T20:31:29","modified_gmt":"2021-04-01T20:31:29","slug":"plano-de-vacinacao-covid-19","status":"publish","type":"post","link":"https:\/\/staging.ordemdosfisioterapeutas.pt\/fr\/noticias\/plano-de-vacinacao-covid-19\/","title":{"rendered":"Plan de vaccination - COVID 19"},"content":{"rendered":"<div data-elementor-type=\"wp-post\" data-elementor-id=\"1897\" class=\"elementor elementor-1897\" data-elementor-post-type=\"post\">\n\t\t\t\t\t\t<section class=\"elementor-section elementor-top-section elementor-element elementor-element-a1f769a elementor-section-boxed elementor-section-height-default elementor-section-height-default\" data-id=\"a1f769a\" data-element_type=\"section\" data-e-type=\"section\">\n\t\t\t\t\t\t<div class=\"elementor-container elementor-column-gap-default\">\n\t\t\t\t\t<div class=\"elementor-column elementor-col-100 elementor-top-column elementor-element elementor-element-71d5896\" data-id=\"71d5896\" data-element_type=\"column\" data-e-type=\"column\">\n\t\t\t<div class=\"elementor-widget-wrap elementor-element-populated\">\n\t\t\t\t\t\t<div class=\"elementor-element elementor-element-178df58 elementor-widget elementor-widget-text-editor\" data-id=\"178df58\" data-element_type=\"widget\" data-e-type=\"widget\" data-widget_type=\"text-editor.default\">\n\t\t\t\t<div class=\"elementor-widget-container\">\n\t\t\t\t\t\t\t\t\t<p>Depuis le d\u00e9but de la campagne de vaccination, la Commission Instaladora da Ordem dos Fisioterapeutas (CI-OF) sensibilise au droit des kin\u00e9sith\u00e9rapeutes \u00e0 \u00eatre vaccin\u00e9s dans la 1\u00e8re phase du plan de vaccination, en tant que professionnels de la sant\u00e9 pr\u00e9sentant un risque \u00e9lev\u00e9 de contracter la maladie et de la propager, ind\u00e9pendamment du contexte\/secteur dans lequel ils travaillent.\u00a0<\/p><p>La CI-OF a appel\u00e9 les kin\u00e9sith\u00e9rapeutes \u00e0 s'inscrire sur la plateforme officielle et a appel\u00e9 les chefs d'\u00e9tablissement \u00e0 promouvoir, directement et\/ou indirectement, l'inscription au programme de vaccination respectif. Cependant, nous savons que la vaccination des kin\u00e9sith\u00e9rapeutes exer\u00e7ant en lib\u00e9ral a pris beaucoup de temps.\u00a0<\/p><p>A cet \u00e9gard, la Commission d'installation de l'Ordre des kin\u00e9sith\u00e9rapeutes, sans pr\u00e9judice du fait qu'elle ne d\u00e9tient pas encore le recueil des kin\u00e9sith\u00e9rapeutes exer\u00e7ant au Portugal, puisqu'elle appartient toujours \u00e0 l'ACSS, a demand\u00e9 \u00e0 la Task-Force ses meilleurs offices pour que le plan de vaccination de tous les kin\u00e9sith\u00e9rapeutes puisse \u00eatre mis en \u0153uvre lors de la premi\u00e8re phase de vaccination.<\/p><p>Enfin, le CI OF a manifest\u00e9 sa volont\u00e9 de faciliter l'ensemble du processus de vaccination pour les physioth\u00e9rapeutes portugais, mais n'a pas encore \u00e9t\u00e9 contact\u00e9 \u00e0 cette fin.<\/p>\t\t\t\t\t\t\t\t<\/div>\n\t\t\t\t<\/div>\n\t\t\t\t\t<\/div>\n\t\t<\/div>\n\t\t\t\t\t<\/div>\n\t\t<\/section>\n\t\t\t\t<\/div>","protected":false},"excerpt":{"rendered":"<p>Depuis le d\u00e9but de la campagne de vaccination, la Commission Instaladora da Ordem dos Fisioterapeutas (CI-OF) sensibilise au droit des kin\u00e9sith\u00e9rapeutes \u00e0 \u00eatre vaccin\u00e9s dans la 1\u00e8re phase du plan de vaccination, en tant que professionnels de la sant\u00e9 pr\u00e9sentant un risque \u00e9lev\u00e9 de contracter la maladie et de la propager, ind\u00e9pendamment du contexte\/secteur dans lequel ils travaillent.<\/p>","protected":false},"author":1,"featured_media":1896,"comment_status":"closed","ping_status":"open","sticky":false,"template":"","format":"standard","meta":{"footnotes":""},"categories":[13],"tags":[],"class_list":["post-1897","post","type-post","status-publish","format-standard","has-post-thumbnail","hentry","category-noticias"],"_links":{"self":[{"href":"https:\/\/staging.ordemdosfisioterapeutas.pt\/fr\/wp-json\/wp\/v2\/posts\/1897","targetHints":{"allow":["GET"]}}],"collection":[{"href":"https:\/\/staging.ordemdosfisioterapeutas.pt\/fr\/wp-json\/wp\/v2\/posts"}],"about":[{"href":"https:\/\/staging.ordemdosfisioterapeutas.pt\/fr\/wp-json\/wp\/v2\/types\/post"}],"author":[{"embeddable":true,"href":"https:\/\/staging.ordemdosfisioterapeutas.pt\/fr\/wp-json\/wp\/v2\/users\/1"}],"replies":[{"embeddable":true,"href":"https:\/\/staging.ordemdosfisioterapeutas.pt\/fr\/wp-json\/wp\/v2\/comments?post=1897"}],"version-history":[{"count":0,"href":"https:\/\/staging.ordemdosfisioterapeutas.pt\/fr\/wp-json\/wp\/v2\/posts\/1897\/revisions"}],"wp:featuredmedia":[{"embeddable":true,"href":"https:\/\/staging.ordemdosfisioterapeutas.pt\/fr\/wp-json\/wp\/v2\/media\/1896"}],"wp:attachment":[{"href":"https:\/\/staging.ordemdosfisioterapeutas.pt\/fr\/wp-json\/wp\/v2\/media?parent=1897"}],"wp:term":[{"taxonomy":"category","embeddable":true,"href":"https:\/\/staging.ordemdosfisioterapeutas.pt\/fr\/wp-json\/wp\/v2\/categories?post=1897"},{"taxonomy":"post_tag","embeddable":true,"href":"https:\/\/staging.ordemdosfisioterapeutas.pt\/fr\/wp-json\/wp\/v2\/tags?post=1897"}],"curies":[{"name":"wp","href":"https:\/\/api.w.org\/{rel}","templated":true}]}}