{"id":1910,"date":"2021-04-15T18:38:51","date_gmt":"2021-04-15T18:38:51","guid":{"rendered":"https:\/\/staging.ordemdosfisioterapeutas.pt\/?p=1910"},"modified":"2021-04-15T18:39:35","modified_gmt":"2021-04-15T18:39:35","slug":"presenca-comissao-instaladora-no-encontro-nacional-de-estudantes-de-fisioterapia-eneft","status":"publish","type":"post","link":"https:\/\/staging.ordemdosfisioterapeutas.pt\/fr\/noticias\/presenca-comissao-instaladora-no-encontro-nacional-de-estudantes-de-fisioterapia-eneft\/","title":{"rendered":"Pr\u00e9sence de la Commission d'installation \u00e0 la Rencontre nationale des \u00e9tudiants en kin\u00e9sith\u00e9rapie (ENEFt)"},"content":{"rendered":"<div data-elementor-type=\"wp-post\" data-elementor-id=\"1910\" class=\"elementor elementor-1910\" data-elementor-post-type=\"post\">\n\t\t\t\t\t\t<section class=\"elementor-section elementor-top-section elementor-element elementor-element-064dbfa elementor-section-boxed elementor-section-height-default elementor-section-height-default\" data-id=\"064dbfa\" data-element_type=\"section\" data-e-type=\"section\">\n\t\t\t\t\t\t<div class=\"elementor-container elementor-column-gap-default\">\n\t\t\t\t\t<div class=\"elementor-column elementor-col-100 elementor-top-column elementor-element elementor-element-f36da15\" data-id=\"f36da15\" data-element_type=\"column\" data-e-type=\"column\">\n\t\t\t<div class=\"elementor-widget-wrap elementor-element-populated\">\n\t\t\t\t\t\t<div class=\"elementor-element elementor-element-014fb5e elementor-widget elementor-widget-text-editor\" data-id=\"014fb5e\" data-element_type=\"widget\" data-e-type=\"widget\" data-widget_type=\"text-editor.default\">\n\t\t\t\t<div class=\"elementor-widget-container\">\n\t\t\t\t\t\t\t\t\t<p>La pr\u00e9sidente du comit\u00e9 d'installation de l'Ordre des physioth\u00e9rapeutes, la physioth\u00e9rapeute Isabel de Souza Guerra, a assist\u00e9 \u00e0 la r\u00e9union nationale des \u00e9tudiants en physioth\u00e9rapie (ENEFt) le week-end dernier.<\/p><p>Isabel de Souza Guerra \u00e9tait pr\u00e9sente \u00e0 la table d'ouverture de cet \u00e9v\u00e9nement et a \u00e9galement particip\u00e9 en tant qu'oratrice \u00e0 la Fisiomeeting, dont le th\u00e8me \u00e9tait \"Get up to date with the Order\", \u00e0 laquelle ont assist\u00e9 environ 300 personnes.\u00a0<\/p><p>Le comit\u00e9 d'installation f\u00e9licite le comit\u00e9 d'organisation de l'ENEFt et l'ensemble de la structure du Groupe d'int\u00e9r\u00eat - Mouvement des jeunes en physioth\u00e9rapie (GIMJF) pour avoir organis\u00e9 l'\u00e9v\u00e9nement en pleine pand\u00e9mie, et salue le d\u00e9vouement et le dynamisme du conseil d'administration du GIMJF pour avoir am\u00e9lior\u00e9 la repr\u00e9sentativit\u00e9 des \u00e9tudiants en physioth\u00e9rapie.<\/p><p>\u00a0La physioth\u00e9rapie et les jeunes physioth\u00e9rapeutes au Portugal.<\/p>\t\t\t\t\t\t\t\t<\/div>\n\t\t\t\t<\/div>\n\t\t\t\t\t<\/div>\n\t\t<\/div>\n\t\t\t\t\t<\/div>\n\t\t<\/section>\n\t\t\t\t<\/div>","protected":false},"excerpt":{"rendered":"<p>La pr\u00e9sidente du comit\u00e9 d'installation de l'Ordre des physioth\u00e9rapeutes, la physioth\u00e9rapeute Isabel de Souza Guerra, a assist\u00e9 \u00e0 la r\u00e9union nationale des \u00e9tudiants en physioth\u00e9rapie (ENEFt) le week-end dernier.<\/p>","protected":false},"author":1,"featured_media":1911,"comment_status":"closed","ping_status":"open","sticky":false,"template":"","format":"standard","meta":{"footnotes":""},"categories":[13],"tags":[],"class_list":["post-1910","post","type-post","status-publish","format-standard","has-post-thumbnail","hentry","category-noticias"],"_links":{"self":[{"href":"https:\/\/staging.ordemdosfisioterapeutas.pt\/fr\/wp-json\/wp\/v2\/posts\/1910","targetHints":{"allow":["GET"]}}],"collection":[{"href":"https:\/\/staging.ordemdosfisioterapeutas.pt\/fr\/wp-json\/wp\/v2\/posts"}],"about":[{"href":"https:\/\/staging.ordemdosfisioterapeutas.pt\/fr\/wp-json\/wp\/v2\/types\/post"}],"author":[{"embeddable":true,"href":"https:\/\/staging.ordemdosfisioterapeutas.pt\/fr\/wp-json\/wp\/v2\/users\/1"}],"replies":[{"embeddable":true,"href":"https:\/\/staging.ordemdosfisioterapeutas.pt\/fr\/wp-json\/wp\/v2\/comments?post=1910"}],"version-history":[{"count":0,"href":"https:\/\/staging.ordemdosfisioterapeutas.pt\/fr\/wp-json\/wp\/v2\/posts\/1910\/revisions"}],"wp:featuredmedia":[{"embeddable":true,"href":"https:\/\/staging.ordemdosfisioterapeutas.pt\/fr\/wp-json\/wp\/v2\/media\/1911"}],"wp:attachment":[{"href":"https:\/\/staging.ordemdosfisioterapeutas.pt\/fr\/wp-json\/wp\/v2\/media?parent=1910"}],"wp:term":[{"taxonomy":"category","embeddable":true,"href":"https:\/\/staging.ordemdosfisioterapeutas.pt\/fr\/wp-json\/wp\/v2\/categories?post=1910"},{"taxonomy":"post_tag","embeddable":true,"href":"https:\/\/staging.ordemdosfisioterapeutas.pt\/fr\/wp-json\/wp\/v2\/tags?post=1910"}],"curies":[{"name":"wp","href":"https:\/\/api.w.org\/{rel}","templated":true}]}}