{"id":1924,"date":"2021-04-16T20:32:54","date_gmt":"2021-04-16T20:32:54","guid":{"rendered":"https:\/\/staging.ordemdosfisioterapeutas.pt\/?p=1924"},"modified":"2021-08-09T17:56:50","modified_gmt":"2021-08-09T16:56:50","slug":"inscricao-na-ordem-dos-fisioterapeutas-noticia","status":"publish","type":"post","link":"https:\/\/staging.ordemdosfisioterapeutas.pt\/fr\/noticias\/inscricao-na-ordem-dos-fisioterapeutas-noticia\/","title":{"rendered":"Inscription \u00e0 l'Ordre des physioth\u00e9rapeutes"},"content":{"rendered":"<div data-elementor-type=\"wp-post\" data-elementor-id=\"1924\" class=\"elementor elementor-1924\" data-elementor-post-type=\"post\">\n\t\t\t\t\t\t<section class=\"elementor-section elementor-top-section elementor-element elementor-element-8e6362d elementor-section-boxed elementor-section-height-default elementor-section-height-default\" data-id=\"8e6362d\" data-element_type=\"section\" data-e-type=\"section\">\n\t\t\t\t\t\t<div class=\"elementor-container elementor-column-gap-default\">\n\t\t\t\t\t<div class=\"elementor-column elementor-col-100 elementor-top-column elementor-element elementor-element-31a3eb5\" data-id=\"31a3eb5\" data-element_type=\"column\" data-e-type=\"column\">\n\t\t\t<div class=\"elementor-widget-wrap elementor-element-populated\">\n\t\t\t\t\t\t<div class=\"elementor-element elementor-element-4237e1f elementor-widget elementor-widget-text-editor\" data-id=\"4237e1f\" data-element_type=\"widget\" data-e-type=\"widget\" data-widget_type=\"text-editor.default\">\n\t\t\t\t<div class=\"elementor-widget-container\">\n\t\t\t\t\t\t\t\t\t<p>Selon l'article 62, paragraphe 1, du statut de l'Ordre des kin\u00e9sith\u00e9rapeutes, annex\u00e9 \u00e0 la loi 122\/2019 du 30 septembre, \"l'attribution du titre professionnel, son usage et l'exercice de la profession de kin\u00e9sith\u00e9rapeute, dans tout secteur d'activit\u00e9, \u00e0 titre individuel ou en soci\u00e9t\u00e9 professionnelle, sont subordonn\u00e9s \u00e0 l'inscription \u00e0 l'Ordre en tant que membre titulaire (...)\".<\/p><p>Plus de nouvelles bient\u00f4t, ici et sur notre site web. <span style=\"text-decoration: underline;\"><strong><a href=\"https:\/\/www.facebook.com\/Ordem-dos-Fisioterapeutas-103511351578169\">Facebook<\/a><\/strong><\/span>.<\/p>\t\t\t\t\t\t\t\t<\/div>\n\t\t\t\t<\/div>\n\t\t\t\t\t<\/div>\n\t\t<\/div>\n\t\t\t\t\t<\/div>\n\t\t<\/section>\n\t\t\t\t<\/div>","protected":false},"excerpt":{"rendered":"<p>Aux termes de l'article 62, paragraphe 1, du statut de l'Ordre des kin\u00e9sith\u00e9rapeutes, annex\u00e9 \u00e0 la loi n\u00b0.<br \/>\n122\/2019, du 30 septembre \"L'attribution du titre professionnel, son usage et l'exercice de la profession de kin\u00e9sith\u00e9rapeute, dans tout secteur d'activit\u00e9, \u00e0 titre individuel ou en soci\u00e9t\u00e9 professionnelle, sont subordonn\u00e9s \u00e0 l'inscription \u00e0 l'Ordre en qualit\u00e9 de membre titulaire (...)\".<\/p>","protected":false},"author":1,"featured_media":1926,"comment_status":"closed","ping_status":"open","sticky":false,"template":"","format":"standard","meta":{"footnotes":""},"categories":[13],"tags":[],"class_list":["post-1924","post","type-post","status-publish","format-standard","has-post-thumbnail","hentry","category-noticias"],"_links":{"self":[{"href":"https:\/\/staging.ordemdosfisioterapeutas.pt\/fr\/wp-json\/wp\/v2\/posts\/1924","targetHints":{"allow":["GET"]}}],"collection":[{"href":"https:\/\/staging.ordemdosfisioterapeutas.pt\/fr\/wp-json\/wp\/v2\/posts"}],"about":[{"href":"https:\/\/staging.ordemdosfisioterapeutas.pt\/fr\/wp-json\/wp\/v2\/types\/post"}],"author":[{"embeddable":true,"href":"https:\/\/staging.ordemdosfisioterapeutas.pt\/fr\/wp-json\/wp\/v2\/users\/1"}],"replies":[{"embeddable":true,"href":"https:\/\/staging.ordemdosfisioterapeutas.pt\/fr\/wp-json\/wp\/v2\/comments?post=1924"}],"version-history":[{"count":0,"href":"https:\/\/staging.ordemdosfisioterapeutas.pt\/fr\/wp-json\/wp\/v2\/posts\/1924\/revisions"}],"wp:featuredmedia":[{"embeddable":true,"href":"https:\/\/staging.ordemdosfisioterapeutas.pt\/fr\/wp-json\/wp\/v2\/media\/1926"}],"wp:attachment":[{"href":"https:\/\/staging.ordemdosfisioterapeutas.pt\/fr\/wp-json\/wp\/v2\/media?parent=1924"}],"wp:term":[{"taxonomy":"category","embeddable":true,"href":"https:\/\/staging.ordemdosfisioterapeutas.pt\/fr\/wp-json\/wp\/v2\/categories?post=1924"},{"taxonomy":"post_tag","embeddable":true,"href":"https:\/\/staging.ordemdosfisioterapeutas.pt\/fr\/wp-json\/wp\/v2\/tags?post=1924"}],"curies":[{"name":"wp","href":"https:\/\/api.w.org\/{rel}","templated":true}]}}