{"id":1938,"date":"2021-04-16T21:06:50","date_gmt":"2021-04-16T21:06:50","guid":{"rendered":"https:\/\/staging.ordemdosfisioterapeutas.pt\/?p=1938"},"modified":"2021-04-16T21:07:51","modified_gmt":"2021-04-16T21:07:51","slug":"em-breve-podera-fazer-a-sua-inscricao-na-ordem-um-processo-100-online","status":"publish","type":"post","link":"https:\/\/staging.ordemdosfisioterapeutas.pt\/fr\/noticias\/em-breve-podera-fazer-a-sua-inscricao-na-ordem-um-processo-100-online\/","title":{"rendered":"Vous pourrez bient\u00f4t vous inscrire \u00e0 l'Ordre, un processus 100% en ligne"},"content":{"rendered":"<div data-elementor-type=\"wp-post\" data-elementor-id=\"1938\" class=\"elementor elementor-1938\" data-elementor-post-type=\"post\">\n\t\t\t\t\t\t<section class=\"elementor-section elementor-top-section elementor-element elementor-element-1780ea1 elementor-section-boxed elementor-section-height-default elementor-section-height-default\" data-id=\"1780ea1\" data-element_type=\"section\" data-e-type=\"section\">\n\t\t\t\t\t\t<div class=\"elementor-container elementor-column-gap-default\">\n\t\t\t\t\t<div class=\"elementor-column elementor-col-100 elementor-top-column elementor-element elementor-element-322930a\" data-id=\"322930a\" data-element_type=\"column\" data-e-type=\"column\">\n\t\t\t<div class=\"elementor-widget-wrap elementor-element-populated\">\n\t\t\t\t\t\t<div class=\"elementor-element elementor-element-4265c8c elementor-widget elementor-widget-text-editor\" data-id=\"4265c8c\" data-element_type=\"widget\" data-e-type=\"widget\" data-widget_type=\"text-editor.default\">\n\t\t\t\t<div class=\"elementor-widget-container\">\n\t\t\t\t\t\t\t\t\t<p>Le Comit\u00e9 d'installation de l'Ordre des kin\u00e9sith\u00e9rapeutes s'est engag\u00e9 \u00e0 d\u00e9mat\u00e9rialiser l'ensemble de ses processus administratifs. A cette fin, elle a \u00e9tabli un protocole avec l'Agence de Modernisation Administrative (AMA) pour assurer l'authentification via la cl\u00e9 num\u00e9rique mobile.<\/p><p>Nous vous pr\u00e9sentons aujourd'hui la premi\u00e8re \u00e9tape du processus de d\u00e9mat\u00e9rialisation et de modernisation. La proc\u00e9dure d'inscription s'effectuera 100% en ligne, ce qui simplifiera et acc\u00e9l\u00e9rera l'inscription des kin\u00e9sith\u00e9rapeutes \u00e0 l'Ordre.<\/p>\t\t\t\t\t\t\t\t<\/div>\n\t\t\t\t<\/div>\n\t\t\t\t\t<\/div>\n\t\t<\/div>\n\t\t\t\t\t<\/div>\n\t\t<\/section>\n\t\t\t\t<\/div>","protected":false},"excerpt":{"rendered":"<p>La Commission d'installation de l'Ordre des kin\u00e9sith\u00e9rapeutes s'est engag\u00e9e \u00e0 d\u00e9mat\u00e9rialiser l'ensemble de ses processus administratifs. <\/p>","protected":false},"author":1,"featured_media":1939,"comment_status":"closed","ping_status":"open","sticky":false,"template":"","format":"standard","meta":{"footnotes":""},"categories":[13],"tags":[],"class_list":["post-1938","post","type-post","status-publish","format-standard","has-post-thumbnail","hentry","category-noticias"],"_links":{"self":[{"href":"https:\/\/staging.ordemdosfisioterapeutas.pt\/fr\/wp-json\/wp\/v2\/posts\/1938","targetHints":{"allow":["GET"]}}],"collection":[{"href":"https:\/\/staging.ordemdosfisioterapeutas.pt\/fr\/wp-json\/wp\/v2\/posts"}],"about":[{"href":"https:\/\/staging.ordemdosfisioterapeutas.pt\/fr\/wp-json\/wp\/v2\/types\/post"}],"author":[{"embeddable":true,"href":"https:\/\/staging.ordemdosfisioterapeutas.pt\/fr\/wp-json\/wp\/v2\/users\/1"}],"replies":[{"embeddable":true,"href":"https:\/\/staging.ordemdosfisioterapeutas.pt\/fr\/wp-json\/wp\/v2\/comments?post=1938"}],"version-history":[{"count":0,"href":"https:\/\/staging.ordemdosfisioterapeutas.pt\/fr\/wp-json\/wp\/v2\/posts\/1938\/revisions"}],"wp:featuredmedia":[{"embeddable":true,"href":"https:\/\/staging.ordemdosfisioterapeutas.pt\/fr\/wp-json\/wp\/v2\/media\/1939"}],"wp:attachment":[{"href":"https:\/\/staging.ordemdosfisioterapeutas.pt\/fr\/wp-json\/wp\/v2\/media?parent=1938"}],"wp:term":[{"taxonomy":"category","embeddable":true,"href":"https:\/\/staging.ordemdosfisioterapeutas.pt\/fr\/wp-json\/wp\/v2\/categories?post=1938"},{"taxonomy":"post_tag","embeddable":true,"href":"https:\/\/staging.ordemdosfisioterapeutas.pt\/fr\/wp-json\/wp\/v2\/tags?post=1938"}],"curies":[{"name":"wp","href":"https:\/\/api.w.org\/{rel}","templated":true}]}}