{"id":1950,"date":"2021-04-16T21:19:05","date_gmt":"2021-04-16T21:19:05","guid":{"rendered":"https:\/\/staging.ordemdosfisioterapeutas.pt\/?p=1950"},"modified":"2021-04-16T21:27:30","modified_gmt":"2021-04-16T21:27:30","slug":"prorrogacao-do-mandato-da-comissao-instaladora","status":"publish","type":"post","link":"https:\/\/staging.ordemdosfisioterapeutas.pt\/fr\/noticias\/prorrogacao-do-mandato-da-comissao-instaladora\/","title":{"rendered":"Extension du mandat de la commission d'installation"},"content":{"rendered":"<div data-elementor-type=\"wp-post\" data-elementor-id=\"1950\" class=\"elementor elementor-1950\" data-elementor-post-type=\"post\">\n\t\t\t\t\t\t<section class=\"elementor-section elementor-top-section elementor-element elementor-element-9d0b9aa elementor-section-boxed elementor-section-height-default elementor-section-height-default\" data-id=\"9d0b9aa\" data-element_type=\"section\" data-e-type=\"section\">\n\t\t\t\t\t\t<div class=\"elementor-container elementor-column-gap-default\">\n\t\t\t\t\t<div class=\"elementor-column elementor-col-100 elementor-top-column elementor-element elementor-element-75eeced\" data-id=\"75eeced\" data-element_type=\"column\" data-e-type=\"column\">\n\t\t\t<div class=\"elementor-widget-wrap elementor-element-populated\">\n\t\t\t\t\t\t<div class=\"elementor-element elementor-element-12ff8bf elementor-widget elementor-widget-text-editor\" data-id=\"12ff8bf\" data-element_type=\"widget\" data-e-type=\"widget\" data-widget_type=\"text-editor.default\">\n\t\t\t\t<div class=\"elementor-widget-container\">\n\t\t\t\t\t\t\t\t\t<p>Le processus de cr\u00e9ation de l'Ordre des kin\u00e9sith\u00e9rapeutes comporte plusieurs phases tr\u00e8s complexes. La situation \u00e9pid\u00e9miologique au Portugal caus\u00e9e par le virus SARS-CoV -2 et la maladie COVID -19, ainsi que le temps n\u00e9cessaire pour cr\u00e9er les conditions mat\u00e9rielles pour l'installation effective et tous les processus qui la composent, ont caus\u00e9 des difficult\u00e9s suppl\u00e9mentaires pour le d\u00e9veloppement normal du processus d'installation.<\/p><p>\u00c0 cette fin, \u00e9tant donn\u00e9 que les conditions pour l'enregistrement des physioth\u00e9rapeutes et l'\u00e9lection des premiers organes directeurs de l'Ordre des physioth\u00e9rapeutes n'ont pas encore \u00e9t\u00e9 remplies, le secr\u00e9taire d'\u00c9tat adjoint \u00e0 la sant\u00e9, Ant\u00f3nio Lacerda Sales, a prorog\u00e9 le mandat de la Commission d'installation jusqu'au 9 avril 2021, publi\u00e9 dans l'ordonnance n\u00b0 3657\/2021.<\/p><p>La prolongation du mandat prend effet le 11 d\u00e9cembre 2020, jusqu'\u00e0 ce que l'Ordre des physioth\u00e9rapeutes soit effectivement \u00e9tabli, et la date des \u00e9lections aux organes directeurs a \u00e9galement \u00e9t\u00e9 fix\u00e9e.<\/p><p><span style=\"text-decoration: underline;\"><strong><a href=\"https:\/\/staging.ordemdosfisioterapeutas.pt\/wp-content\/uploads\/2021\/04\/despacho-3657-2021.pdf\">Num\u00e9ro d'ordre 3657\/2021<\/a><\/strong><\/span><\/p>\t\t\t\t\t\t\t\t<\/div>\n\t\t\t\t<\/div>\n\t\t\t\t\t<\/div>\n\t\t<\/div>\n\t\t\t\t\t<\/div>\n\t\t<\/section>\n\t\t\t\t<\/div>","protected":false},"excerpt":{"rendered":"<p>Le processus de cr\u00e9ation de l'Ordre des kin\u00e9sith\u00e9rapeutes comporte plusieurs phases tr\u00e8s complexes. La situation \u00e9pid\u00e9miologique au Portugal caus\u00e9e par le virus SARS-CoV -2 et la maladie COVID -19, ainsi que le temps n\u00e9cessaire pour cr\u00e9er les conditions mat\u00e9rielles pour l'installation effective et tous les processus qui la composent, ont caus\u00e9 des difficult\u00e9s suppl\u00e9mentaires pour le d\u00e9veloppement normal du processus d'installation.<\/p>","protected":false},"author":1,"featured_media":1951,"comment_status":"closed","ping_status":"open","sticky":false,"template":"","format":"standard","meta":{"footnotes":""},"categories":[13],"tags":[],"class_list":["post-1950","post","type-post","status-publish","format-standard","has-post-thumbnail","hentry","category-noticias"],"_links":{"self":[{"href":"https:\/\/staging.ordemdosfisioterapeutas.pt\/fr\/wp-json\/wp\/v2\/posts\/1950","targetHints":{"allow":["GET"]}}],"collection":[{"href":"https:\/\/staging.ordemdosfisioterapeutas.pt\/fr\/wp-json\/wp\/v2\/posts"}],"about":[{"href":"https:\/\/staging.ordemdosfisioterapeutas.pt\/fr\/wp-json\/wp\/v2\/types\/post"}],"author":[{"embeddable":true,"href":"https:\/\/staging.ordemdosfisioterapeutas.pt\/fr\/wp-json\/wp\/v2\/users\/1"}],"replies":[{"embeddable":true,"href":"https:\/\/staging.ordemdosfisioterapeutas.pt\/fr\/wp-json\/wp\/v2\/comments?post=1950"}],"version-history":[{"count":0,"href":"https:\/\/staging.ordemdosfisioterapeutas.pt\/fr\/wp-json\/wp\/v2\/posts\/1950\/revisions"}],"wp:featuredmedia":[{"embeddable":true,"href":"https:\/\/staging.ordemdosfisioterapeutas.pt\/fr\/wp-json\/wp\/v2\/media\/1951"}],"wp:attachment":[{"href":"https:\/\/staging.ordemdosfisioterapeutas.pt\/fr\/wp-json\/wp\/v2\/media?parent=1950"}],"wp:term":[{"taxonomy":"category","embeddable":true,"href":"https:\/\/staging.ordemdosfisioterapeutas.pt\/fr\/wp-json\/wp\/v2\/categories?post=1950"},{"taxonomy":"post_tag","embeddable":true,"href":"https:\/\/staging.ordemdosfisioterapeutas.pt\/fr\/wp-json\/wp\/v2\/tags?post=1950"}],"curies":[{"name":"wp","href":"https:\/\/api.w.org\/{rel}","templated":true}]}}