{"id":2378,"date":"2021-05-19T10:17:04","date_gmt":"2021-05-19T09:17:04","guid":{"rendered":"https:\/\/staging.ordemdosfisioterapeutas.pt\/?p=2378"},"modified":"2021-05-19T11:29:16","modified_gmt":"2021-05-19T10:29:16","slug":"memorando-de-entendimento-com-a-acss","status":"publish","type":"post","link":"https:\/\/staging.ordemdosfisioterapeutas.pt\/fr\/noticias\/memorando-de-entendimento-com-a-acss\/","title":{"rendered":"Protocole d'accord avec le CESA"},"content":{"rendered":"<div data-elementor-type=\"wp-post\" data-elementor-id=\"2378\" class=\"elementor elementor-2378\" data-elementor-post-type=\"post\">\n\t\t\t\t\t\t<section class=\"elementor-section elementor-top-section elementor-element elementor-element-2b7a210 elementor-section-boxed elementor-section-height-default elementor-section-height-default\" data-id=\"2b7a210\" data-element_type=\"section\" data-e-type=\"section\">\n\t\t\t\t\t\t<div class=\"elementor-container elementor-column-gap-default\">\n\t\t\t\t\t<div class=\"elementor-column elementor-col-100 elementor-top-column elementor-element elementor-element-e16363b\" data-id=\"e16363b\" data-element_type=\"column\" data-e-type=\"column\">\n\t\t\t<div class=\"elementor-widget-wrap elementor-element-populated\">\n\t\t\t\t\t\t<div class=\"elementor-element elementor-element-a9253ac elementor-widget elementor-widget-text-editor\" data-id=\"a9253ac\" data-element_type=\"widget\" data-e-type=\"widget\" data-widget_type=\"text-editor.default\">\n\t\t\t\t<div class=\"elementor-widget-container\">\n\t\t\t\t\t\t\t\t\t<p>Consid\u00e9rant que l'inscription \u00e0 l'Ordre des physioth\u00e9rapeutes est une condition l\u00e9gale n\u00e9cessaire \u00e0 l'exercice de la profession au Portugal, l'Ordre des physioth\u00e9rapeutes et l'Administration centrale du syst\u00e8me de sant\u00e9 ont sign\u00e9 un protocole d'accord dans le cadre de l'acc\u00e8s et de la r\u00e9glementation de l'exercice de la profession de physioth\u00e9rapeute au Portugal.<\/p><p>Dans cette optique, l'Ordre acceptera d\u00e9sormais les demandes d'inscription des titulaires d'un dipl\u00f4me universitaire de physioth\u00e9rapie obtenu au Portugal, ainsi que des titulaires d'une carte professionnelle de physioth\u00e9rapeute d\u00e9j\u00e0 d\u00e9livr\u00e9e par l'ACSS, IP.<\/p><p>Les citoyens titulaires de dipl\u00f4mes obtenus \u00e0 l'\u00e9tranger et qui ne disposent pas encore d'une carte professionnelle doivent s'adresser \u00e0 l'ACSS pour s'inscrire avant de s'inscrire \u00e0 l'Ordre.<\/p><p>Gr\u00e2ce \u00e0 cet accord, l'acc\u00e8s \u00e0 la proc\u00e9dure d'inscription sera disponible sur le site web de l'Ordre d\u00e8s cette semaine.<\/p>\t\t\t\t\t\t\t\t<\/div>\n\t\t\t\t<\/div>\n\t\t\t\t\t<\/div>\n\t\t<\/div>\n\t\t\t\t\t<\/div>\n\t\t<\/section>\n\t\t\t\t<\/div>","protected":false},"excerpt":{"rendered":"<p>Consid\u00e9rant que l'inscription \u00e0 l'Ordre des physioth\u00e9rapeutes est une condition l\u00e9gale n\u00e9cessaire \u00e0 l'exercice de la profession au Portugal, l'Ordre des physioth\u00e9rapeutes et l'Administration centrale du syst\u00e8me de sant\u00e9 ont sign\u00e9 un protocole d'accord dans le cadre de l'acc\u00e8s et de la r\u00e9glementation de l'exercice de la profession de physioth\u00e9rapeute au Portugal. <\/p>","protected":false},"author":1,"featured_media":2379,"comment_status":"closed","ping_status":"open","sticky":false,"template":"","format":"standard","meta":{"footnotes":""},"categories":[13],"tags":[],"class_list":["post-2378","post","type-post","status-publish","format-standard","has-post-thumbnail","hentry","category-noticias"],"_links":{"self":[{"href":"https:\/\/staging.ordemdosfisioterapeutas.pt\/fr\/wp-json\/wp\/v2\/posts\/2378","targetHints":{"allow":["GET"]}}],"collection":[{"href":"https:\/\/staging.ordemdosfisioterapeutas.pt\/fr\/wp-json\/wp\/v2\/posts"}],"about":[{"href":"https:\/\/staging.ordemdosfisioterapeutas.pt\/fr\/wp-json\/wp\/v2\/types\/post"}],"author":[{"embeddable":true,"href":"https:\/\/staging.ordemdosfisioterapeutas.pt\/fr\/wp-json\/wp\/v2\/users\/1"}],"replies":[{"embeddable":true,"href":"https:\/\/staging.ordemdosfisioterapeutas.pt\/fr\/wp-json\/wp\/v2\/comments?post=2378"}],"version-history":[{"count":0,"href":"https:\/\/staging.ordemdosfisioterapeutas.pt\/fr\/wp-json\/wp\/v2\/posts\/2378\/revisions"}],"wp:featuredmedia":[{"embeddable":true,"href":"https:\/\/staging.ordemdosfisioterapeutas.pt\/fr\/wp-json\/wp\/v2\/media\/2379"}],"wp:attachment":[{"href":"https:\/\/staging.ordemdosfisioterapeutas.pt\/fr\/wp-json\/wp\/v2\/media?parent=2378"}],"wp:term":[{"taxonomy":"category","embeddable":true,"href":"https:\/\/staging.ordemdosfisioterapeutas.pt\/fr\/wp-json\/wp\/v2\/categories?post=2378"},{"taxonomy":"post_tag","embeddable":true,"href":"https:\/\/staging.ordemdosfisioterapeutas.pt\/fr\/wp-json\/wp\/v2\/tags?post=2378"}],"curies":[{"name":"wp","href":"https:\/\/api.w.org\/{rel}","templated":true}]}}