{"id":2406,"date":"2021-05-19T12:15:51","date_gmt":"2021-05-19T11:15:51","guid":{"rendered":"https:\/\/staging.ordemdosfisioterapeutas.pt\/?p=2406"},"modified":"2021-05-19T12:15:54","modified_gmt":"2021-05-19T11:15:54","slug":"estao-abertas-as-inscricoes-para-a-ordem-dos-fisioterapeutas","status":"publish","type":"post","link":"https:\/\/staging.ordemdosfisioterapeutas.pt\/fr\/noticias\/estao-abertas-as-inscricoes-para-a-ordem-dos-fisioterapeutas\/","title":{"rendered":"Les candidatures \u00e0 l'Ordre des physioth\u00e9rapeutes sont ouvertes"},"content":{"rendered":"<div data-elementor-type=\"wp-post\" data-elementor-id=\"2406\" class=\"elementor elementor-2406\" data-elementor-post-type=\"post\">\n\t\t\t\t\t\t<section class=\"elementor-section elementor-top-section elementor-element elementor-element-dec2483 elementor-section-boxed elementor-section-height-default elementor-section-height-default\" data-id=\"dec2483\" data-element_type=\"section\" data-e-type=\"section\">\n\t\t\t\t\t\t<div class=\"elementor-container elementor-column-gap-default\">\n\t\t\t\t\t<div class=\"elementor-column elementor-col-100 elementor-top-column elementor-element elementor-element-cb0d05c\" data-id=\"cb0d05c\" data-element_type=\"column\" data-e-type=\"column\">\n\t\t\t<div class=\"elementor-widget-wrap elementor-element-populated\">\n\t\t\t\t\t\t<div class=\"elementor-element elementor-element-509fd88 elementor-widget elementor-widget-text-editor\" data-id=\"509fd88\" data-element_type=\"widget\" data-e-type=\"widget\" data-widget_type=\"text-editor.default\">\n\t\t\t\t<div class=\"elementor-widget-container\">\n\t\t\t\t\t\t\t\t\t<p>Les candidatures sont ouvertes pour l'adh\u00e9sion \u00e0 l'Ordre des physioth\u00e9rapeutes, condition l\u00e9gale pour l'exercice de l'activit\u00e9 de physioth\u00e9rapie au Portugal, aux termes de la loi n\u00b0 122\/2019, du 30 septembre, du statut qui lui est annex\u00e9 et du r\u00e8glement de l'Ordre n\u00b0 359\/2021, du 15 f\u00e9vrier, publi\u00e9 dans le DR, 2\u00e8me, E, du 23 avril.<\/p><p>Selon ces termes, l'Ordre des kin\u00e9sith\u00e9rapeutes proc\u00e9dera d\u00e9sormais \u00e0 l'inscription des kin\u00e9sith\u00e9rapeutes, y compris les demandes qui lui sont adress\u00e9es par les titulaires d'une carte professionnelle de kin\u00e9sith\u00e9rapeute d\u00e9j\u00e0 d\u00e9livr\u00e9e par l'ACSS,<\/p><p>L'ACSS, IP restera l'autorit\u00e9 comp\u00e9tente pour l'application de la directive 2005\/36\/CE du Parlement europ\u00e9en et du Conseil du 7 septembre, dans sa r\u00e9daction actuelle, pour toutes les demandes de reconnaissance des qualifications professionnelles par les titulaires de qualifications professionnelles obtenues dans l'Union europ\u00e9enne ou dans le reste du monde, dans le domaine de la physioth\u00e9rapie, jusqu'\u00e0 l'entr\u00e9e en fonction du premier pr\u00e9sident, qui aura lieu apr\u00e8s le 15 novembre 2021, date fix\u00e9e par le minist\u00e8re de la Sant\u00e9 pour les \u00e9lections, conform\u00e9ment \u00e0 l'ordre n\u00b0 3657\/2021 du secr\u00e9taire d'\u00c9tat adjoint \u00e0 la Sant\u00e9, publi\u00e9 dans le Journal officiel du 9 avril.N\u00b0 3657\/2021, du Secr\u00e9taire d'\u00c9tat adjoint \u00e0 la sant\u00e9, du 31 mars, publi\u00e9 au Journal officiel, le 2 avril, 9.<\/p><p>Ainsi, pendant cette p\u00e9riode transitoire, les titulaires de qualifications professionnelles obtenues dans l'Union europ\u00e9enne ou dans le reste du monde, dans le domaine de la physioth\u00e9rapie, qui ne disposent pas encore d'un certificat de physioth\u00e9rapeute, devront s'inscrire aupr\u00e8s de l'ACSS, IP, selon la proc\u00e9dure qui y est en vigueur et conform\u00e9ment \u00e0 la r\u00e9glementation de l'UE, (ins\u00e9rer le lien), et seulement ensuite s'inscrire aupr\u00e8s de l'Ordre des physioth\u00e9rapeutes, aux termes de la loi n\u00ba 122\/2019, du 30 septembre et du r\u00e8glement de l'Ordre n\u00ba 3521\/2021, du 15 f\u00e9vrier.\u00ba 122\/2019, du 30 septembre et du R\u00e8glement de l'Ordre n\u00ba 359\/2021, du 15 f\u00e9vrier, publi\u00e9s dans le DR, 2\u00e8me, E, du 23 avril.<\/p>\t\t\t\t\t\t\t\t<\/div>\n\t\t\t\t<\/div>\n\t\t\t\t\t<\/div>\n\t\t<\/div>\n\t\t\t\t\t<\/div>\n\t\t<\/section>\n\t\t\t\t<\/div>","protected":false},"excerpt":{"rendered":"<p>Les candidatures sont ouvertes pour l'adh\u00e9sion \u00e0 l'Ordre des physioth\u00e9rapeutes, condition l\u00e9gale pour l'exercice de l'activit\u00e9 de physioth\u00e9rapie au Portugal, aux termes de la loi n\u00b0 122\/2019, du 30 septembre, du statut qui lui est annex\u00e9 et du r\u00e8glement de l'Ordre n\u00b0 359\/2021, du 15 f\u00e9vrier, publi\u00e9 dans le DR, 2\u00e8me, E, du 23 avril.<\/p>","protected":false},"author":1,"featured_media":2407,"comment_status":"closed","ping_status":"open","sticky":false,"template":"","format":"standard","meta":{"footnotes":""},"categories":[13],"tags":[],"class_list":["post-2406","post","type-post","status-publish","format-standard","has-post-thumbnail","hentry","category-noticias"],"_links":{"self":[{"href":"https:\/\/staging.ordemdosfisioterapeutas.pt\/fr\/wp-json\/wp\/v2\/posts\/2406","targetHints":{"allow":["GET"]}}],"collection":[{"href":"https:\/\/staging.ordemdosfisioterapeutas.pt\/fr\/wp-json\/wp\/v2\/posts"}],"about":[{"href":"https:\/\/staging.ordemdosfisioterapeutas.pt\/fr\/wp-json\/wp\/v2\/types\/post"}],"author":[{"embeddable":true,"href":"https:\/\/staging.ordemdosfisioterapeutas.pt\/fr\/wp-json\/wp\/v2\/users\/1"}],"replies":[{"embeddable":true,"href":"https:\/\/staging.ordemdosfisioterapeutas.pt\/fr\/wp-json\/wp\/v2\/comments?post=2406"}],"version-history":[{"count":0,"href":"https:\/\/staging.ordemdosfisioterapeutas.pt\/fr\/wp-json\/wp\/v2\/posts\/2406\/revisions"}],"wp:featuredmedia":[{"embeddable":true,"href":"https:\/\/staging.ordemdosfisioterapeutas.pt\/fr\/wp-json\/wp\/v2\/media\/2407"}],"wp:attachment":[{"href":"https:\/\/staging.ordemdosfisioterapeutas.pt\/fr\/wp-json\/wp\/v2\/media?parent=2406"}],"wp:term":[{"taxonomy":"category","embeddable":true,"href":"https:\/\/staging.ordemdosfisioterapeutas.pt\/fr\/wp-json\/wp\/v2\/categories?post=2406"},{"taxonomy":"post_tag","embeddable":true,"href":"https:\/\/staging.ordemdosfisioterapeutas.pt\/fr\/wp-json\/wp\/v2\/tags?post=2406"}],"curies":[{"name":"wp","href":"https:\/\/api.w.org\/{rel}","templated":true}]}}