{"id":2456,"date":"2021-06-07T20:28:31","date_gmt":"2021-06-07T19:28:31","guid":{"rendered":"https:\/\/staging.ordemdosfisioterapeutas.pt\/?p=2456"},"modified":"2021-06-07T20:33:04","modified_gmt":"2021-06-07T19:33:04","slug":"a-ordem-informou-as-entidades-empregadoras-que-todos-os-fisioterapeutas-devem-estar-inscritos-na-ordem","status":"publish","type":"post","link":"https:\/\/staging.ordemdosfisioterapeutas.pt\/fr\/noticias\/a-ordem-informou-as-entidades-empregadoras-que-todos-os-fisioterapeutas-devem-estar-inscritos-na-ordem\/","title":{"rendered":"L'Ordre a inform\u00e9 les employeurs que tous les physioth\u00e9rapeutes doivent \u00eatre inscrits \u00e0 l'Ordre."},"content":{"rendered":"<div data-elementor-type=\"wp-post\" data-elementor-id=\"2456\" class=\"elementor elementor-2456\" data-elementor-post-type=\"post\">\n\t\t\t\t\t\t<section class=\"elementor-section elementor-top-section elementor-element elementor-element-5475e49 elementor-section-boxed elementor-section-height-default elementor-section-height-default\" data-id=\"5475e49\" data-element_type=\"section\" data-e-type=\"section\">\n\t\t\t\t\t\t<div class=\"elementor-container elementor-column-gap-default\">\n\t\t\t\t\t<div class=\"elementor-column elementor-col-100 elementor-top-column elementor-element elementor-element-72f43b1\" data-id=\"72f43b1\" data-element_type=\"column\" data-e-type=\"column\">\n\t\t\t<div class=\"elementor-widget-wrap elementor-element-populated\">\n\t\t\t\t\t\t<div class=\"elementor-element elementor-element-8d58b35 elementor-widget elementor-widget-text-editor\" data-id=\"8d58b35\" data-element_type=\"widget\" data-e-type=\"widget\" data-widget_type=\"text-editor.default\">\n\t\t\t\t<div class=\"elementor-widget-container\">\n\t\t\t\t\t\t\t\t\t<p>Le 13 mai 2021, l'Ordre des physioth\u00e9rapeutes (Ordem) a entam\u00e9 le processus d'enregistrement des physioth\u00e9rapeutes exer\u00e7ant leur profession au Portugal, sur la base de la r\u00e9glementation contenue dans le DRE, 2e, E, du 23 avril.<\/p><p>Afin d'entamer cette activit\u00e9, elle a cherch\u00e9 \u00e0 signer un accord de transfert de comp\u00e9tences juridiquement reconnu avec l'Administration centrale du syst\u00e8me de sant\u00e9, IP (ACSS, IP).<\/p><p>Cet accord s'est efforc\u00e9 de respecter les politiques de confidentialit\u00e9 respectives, encadr\u00e9es par le r\u00e8glement g\u00e9n\u00e9ral sur la protection des donn\u00e9es (RGPD), \u00e0 la fois en termes de r\u00e8glement europ\u00e9en et de syst\u00e8me juridique national.<\/p><p>Dans ces conditions, toutes les donn\u00e9es d\u00e9tenues par l'ACSS,IP dans le cadre du transfert seront d\u00e9sormais conserv\u00e9es et utilis\u00e9es par l'Ordre, dans le strict respect de ce qui a \u00e9t\u00e9 \u00e9tabli et en vue de l'objectif imm\u00e9diat de la proc\u00e9dure d'enregistrement et de la lutte contre la kin\u00e9sith\u00e9rapie ill\u00e9gale.<\/p><p>A cet \u00e9gard, nous vous rappelons que l'attribution du titre professionnel, son usage et l'exercice de la profession de kin\u00e9sith\u00e9rapeute, quel que soit le secteur d'activit\u00e9, \u00e0 titre individuel ou en soci\u00e9t\u00e9 professionnelle, d\u00e9pendent de l'inscription \u00e0 l'Ordre en tant que membre effectif.<\/p><p>En d'autres termes, l'usage ill\u00e9gal d'un titre professionnel ou l'exercice d'une profession sans titre sont sanctionn\u00e9s p\u00e9nalement.<\/p><p>Cette responsabilit\u00e9, au sens de la loi, est solidaire, le cas \u00e9ch\u00e9ant, car nul ne peut engager ou utiliser les services de professionnels de la kin\u00e9sith\u00e9rapie qui ne sont pas inscrits \u00e0 l'Ordre.<\/p><p>La violation de ces dispositions constitue une infraction administrative, passible d'une amende de 3 \u00e0 10 fois la valeur de l'indice d'aide sociale (IAS), \u00e0 appliquer par le ministre de la sant\u00e9, sur proposition de l'ordre des avocats, qui est charg\u00e9 d'instruire le dossier.<\/p><p>\u00c0 cette fin, et m\u00eame en utilisant les donn\u00e9es contenues dans la partie publique des institutions qui ont r\u00e9glement\u00e9 l'activit\u00e9 et la profession jusqu'\u00e0 pr\u00e9sent, la Commission d'installation a notifi\u00e9 les employeurs et\/ou les fournisseurs directs de physioth\u00e9rapie, afin de mieux proc\u00e9der au processus d'enregistrement en cours, ainsi que de s'efforcer de respecter strictement la loi, comme mentionn\u00e9 ci-dessus, en luttant contre la physioth\u00e9rapie illicite, dans le cadre des pouvoirs qui ont \u00e9t\u00e9 redonn\u00e9s aux physioth\u00e9rapeutes en tant que soci\u00e9t\u00e9 civile organis\u00e9e avec la cr\u00e9ation de l'Ordre.<\/p><p>Le comit\u00e9 d'installation<\/p>\t\t\t\t\t\t\t\t<\/div>\n\t\t\t\t<\/div>\n\t\t\t\t\t<\/div>\n\t\t<\/div>\n\t\t\t\t\t<\/div>\n\t\t<\/section>\n\t\t\t\t<\/div>","protected":false},"excerpt":{"rendered":"<p>Le 13 mai 2021, l'Ordre des physioth\u00e9rapeutes (Ordem) a entam\u00e9 le processus d'enregistrement des physioth\u00e9rapeutes exer\u00e7ant leur profession au Portugal, sur la base de la r\u00e9glementation contenue dans le DRE, 2e, E, du 23 avril.<\/p>","protected":false},"author":1,"featured_media":2457,"comment_status":"closed","ping_status":"open","sticky":false,"template":"","format":"standard","meta":{"footnotes":""},"categories":[13],"tags":[],"class_list":["post-2456","post","type-post","status-publish","format-standard","has-post-thumbnail","hentry","category-noticias"],"_links":{"self":[{"href":"https:\/\/staging.ordemdosfisioterapeutas.pt\/fr\/wp-json\/wp\/v2\/posts\/2456","targetHints":{"allow":["GET"]}}],"collection":[{"href":"https:\/\/staging.ordemdosfisioterapeutas.pt\/fr\/wp-json\/wp\/v2\/posts"}],"about":[{"href":"https:\/\/staging.ordemdosfisioterapeutas.pt\/fr\/wp-json\/wp\/v2\/types\/post"}],"author":[{"embeddable":true,"href":"https:\/\/staging.ordemdosfisioterapeutas.pt\/fr\/wp-json\/wp\/v2\/users\/1"}],"replies":[{"embeddable":true,"href":"https:\/\/staging.ordemdosfisioterapeutas.pt\/fr\/wp-json\/wp\/v2\/comments?post=2456"}],"version-history":[{"count":0,"href":"https:\/\/staging.ordemdosfisioterapeutas.pt\/fr\/wp-json\/wp\/v2\/posts\/2456\/revisions"}],"wp:featuredmedia":[{"embeddable":true,"href":"https:\/\/staging.ordemdosfisioterapeutas.pt\/fr\/wp-json\/wp\/v2\/media\/2457"}],"wp:attachment":[{"href":"https:\/\/staging.ordemdosfisioterapeutas.pt\/fr\/wp-json\/wp\/v2\/media?parent=2456"}],"wp:term":[{"taxonomy":"category","embeddable":true,"href":"https:\/\/staging.ordemdosfisioterapeutas.pt\/fr\/wp-json\/wp\/v2\/categories?post=2456"},{"taxonomy":"post_tag","embeddable":true,"href":"https:\/\/staging.ordemdosfisioterapeutas.pt\/fr\/wp-json\/wp\/v2\/tags?post=2456"}],"curies":[{"name":"wp","href":"https:\/\/api.w.org\/{rel}","templated":true}]}}