{"id":246,"date":"2020-09-23T17:32:16","date_gmt":"2020-09-23T17:32:16","guid":{"rendered":"https:\/\/staging.ordemdosfisioterapeutas.pt\/?p=246"},"modified":"2021-03-16T20:58:11","modified_gmt":"2021-03-16T20:58:11","slug":"identidade-da-ordem-razoes-de-escolha","status":"publish","type":"post","link":"https:\/\/staging.ordemdosfisioterapeutas.pt\/fr\/noticias\/identidade-da-ordem-razoes-de-escolha\/","title":{"rendered":"Identit\u00e9 de l'Ordre : raisons du choix"},"content":{"rendered":"<div data-elementor-type=\"wp-post\" data-elementor-id=\"246\" class=\"elementor elementor-246\" data-elementor-post-type=\"post\">\n\t\t\t\t\t\t<section class=\"elementor-section elementor-top-section elementor-element elementor-element-43a6a72d elementor-section-boxed elementor-section-height-default elementor-section-height-default\" data-id=\"43a6a72d\" data-element_type=\"section\" data-e-type=\"section\">\n\t\t\t\t\t\t<div class=\"elementor-container elementor-column-gap-default\">\n\t\t\t\t\t<div class=\"elementor-column elementor-col-100 elementor-top-column elementor-element elementor-element-4c2de4c1\" data-id=\"4c2de4c1\" data-element_type=\"column\" data-e-type=\"column\">\n\t\t\t<div class=\"elementor-widget-wrap elementor-element-populated\">\n\t\t\t\t\t\t<div class=\"elementor-element elementor-element-619f2345 elementor-widget elementor-widget-text-editor\" data-id=\"619f2345\" data-element_type=\"widget\" data-e-type=\"widget\" data-widget_type=\"text-editor.default\">\n\t\t\t\t<div class=\"elementor-widget-container\">\n\t\t\t\t\t\t\t\t\t<p>La Commission d'installation de l'Ordre des kin\u00e9sith\u00e9rapeutes a promu un concours pour le d\u00e9veloppement de son identit\u00e9 personnelle. Plusieurs propositions ont \u00e9t\u00e9 pr\u00e9sent\u00e9es, et la commission d'installation a retenu celle qui pr\u00e9sentait les meilleures garanties pour atteindre l'objectif d'une identit\u00e9 professionnelle.<\/p><p>Le choix d'une marque sobre mais actuelle, capable de v\u00e9hiculer et d'identifier le travail de l'organisation dans n'importe quel contexte, \u00e9tait une priorit\u00e9. Sachant que les environnements num\u00e9riques seront privil\u00e9gi\u00e9s dans les contacts de l'Ordre avec ses membres et ses partenaires, nous avons cherch\u00e9 une identit\u00e9 adapt\u00e9e \u00e0 cette r\u00e9alit\u00e9 et facilement applicable \u00e0 toute plateforme de communication.<\/p><p>L'identit\u00e9 est bas\u00e9e sur des formes arrondies, privil\u00e9giant la couleur bleue, qui fait d\u00e9j\u00e0 partie des r\u00e9f\u00e9rences des kin\u00e9sith\u00e9rapeutes. Le choix du bleu s'explique par le fait qu'il s'agit de la couleur repr\u00e9sentative de la profession, mais aussi de la couleur de la sympathie, de l'harmonie et de la fid\u00e9lit\u00e9. Les formes arrondies v\u00e9hiculent le mouvement et le dynamisme, valeurs que nous consid\u00e9rons comme essentielles pour la kin\u00e9sith\u00e9rapie et pour l'Ordre des kin\u00e9sith\u00e9rapeutes.<\/p>\t\t\t\t\t\t\t\t<\/div>\n\t\t\t\t<\/div>\n\t\t\t\t\t<\/div>\n\t\t<\/div>\n\t\t\t\t\t<\/div>\n\t\t<\/section>\n\t\t\t\t<\/div>","protected":false},"excerpt":{"rendered":"<p>La Commission d'installation de l'Ordre des kin\u00e9sith\u00e9rapeutes a promu un concours pour le d\u00e9veloppement de son identit\u00e9 personnelle. Plusieurs propositions ont \u00e9t\u00e9 pr\u00e9sent\u00e9es, et la commission d'installation a retenu celle qui pr\u00e9sentait les meilleures garanties pour atteindre l'objectif d'une identit\u00e9 professionnelle.<\/p>","protected":false},"author":1,"featured_media":1243,"comment_status":"closed","ping_status":"open","sticky":false,"template":"","format":"standard","meta":{"footnotes":""},"categories":[13],"tags":[],"class_list":["post-246","post","type-post","status-publish","format-standard","has-post-thumbnail","hentry","category-noticias"],"_links":{"self":[{"href":"https:\/\/staging.ordemdosfisioterapeutas.pt\/fr\/wp-json\/wp\/v2\/posts\/246","targetHints":{"allow":["GET"]}}],"collection":[{"href":"https:\/\/staging.ordemdosfisioterapeutas.pt\/fr\/wp-json\/wp\/v2\/posts"}],"about":[{"href":"https:\/\/staging.ordemdosfisioterapeutas.pt\/fr\/wp-json\/wp\/v2\/types\/post"}],"author":[{"embeddable":true,"href":"https:\/\/staging.ordemdosfisioterapeutas.pt\/fr\/wp-json\/wp\/v2\/users\/1"}],"replies":[{"embeddable":true,"href":"https:\/\/staging.ordemdosfisioterapeutas.pt\/fr\/wp-json\/wp\/v2\/comments?post=246"}],"version-history":[{"count":0,"href":"https:\/\/staging.ordemdosfisioterapeutas.pt\/fr\/wp-json\/wp\/v2\/posts\/246\/revisions"}],"wp:featuredmedia":[{"embeddable":true,"href":"https:\/\/staging.ordemdosfisioterapeutas.pt\/fr\/wp-json\/wp\/v2\/media\/1243"}],"wp:attachment":[{"href":"https:\/\/staging.ordemdosfisioterapeutas.pt\/fr\/wp-json\/wp\/v2\/media?parent=246"}],"wp:term":[{"taxonomy":"category","embeddable":true,"href":"https:\/\/staging.ordemdosfisioterapeutas.pt\/fr\/wp-json\/wp\/v2\/categories?post=246"},{"taxonomy":"post_tag","embeddable":true,"href":"https:\/\/staging.ordemdosfisioterapeutas.pt\/fr\/wp-json\/wp\/v2\/tags?post=246"}],"curies":[{"name":"wp","href":"https:\/\/api.w.org\/{rel}","templated":true}]}}