{"id":2959,"date":"2021-09-15T14:40:33","date_gmt":"2021-09-15T13:40:33","guid":{"rendered":"https:\/\/staging.ordemdosfisioterapeutas.pt\/?p=2959"},"modified":"2021-09-20T10:21:38","modified_gmt":"2021-09-20T09:21:38","slug":"candidaturas-aos-orgaos-estatutarios-da-ordem-dos-fisioterapeutas","status":"publish","type":"post","link":"https:\/\/staging.ordemdosfisioterapeutas.pt\/fr\/noticias\/candidaturas-aos-orgaos-estatutarios-da-ordem-dos-fisioterapeutas\/","title":{"rendered":"Candidatures aux organes statutaires de l'Ordre des kin\u00e9sith\u00e9rapeutes"},"content":{"rendered":"<div data-elementor-type=\"wp-post\" data-elementor-id=\"2959\" class=\"elementor elementor-2959\" data-elementor-post-type=\"post\">\n\t\t\t\t\t\t<section class=\"elementor-section elementor-top-section elementor-element elementor-element-6d62eac elementor-section-boxed elementor-section-height-default elementor-section-height-default\" data-id=\"6d62eac\" data-element_type=\"section\" data-e-type=\"section\">\n\t\t\t\t\t\t<div class=\"elementor-container elementor-column-gap-default\">\n\t\t\t\t\t<div class=\"elementor-column elementor-col-100 elementor-top-column elementor-element elementor-element-44d5541\" data-id=\"44d5541\" data-element_type=\"column\" data-e-type=\"column\">\n\t\t\t<div class=\"elementor-widget-wrap elementor-element-populated\">\n\t\t\t\t\t\t<div class=\"elementor-element elementor-element-ecce178 elementor-widget elementor-widget-text-editor\" data-id=\"ecce178\" data-element_type=\"widget\" data-e-type=\"widget\" data-widget_type=\"text-editor.default\">\n\t\t\t\t<div class=\"elementor-widget-container\">\n\t\t\t\t\t\t\t\t\t<p>Tous les physioth\u00e9rapeutes dont l'inscription \u00e0 l'Ordre est \u00e0 jour sont \u00e9ligibles \u00e0 l'\u00e9lection. <strong>7 octobre<\/strong> 2021. Si vous avez r\u00e9cemment soumis votre candidature, veuillez r\u00e9pondre rapidement \u00e0 toute demande de correction ou de paiement. Ne soyez pas en retard !<\/p><p>Les demandes doivent \u00eatre d\u00e9pos\u00e9es au plus tard le\u00a0<strong>19 octobre<\/strong>\u00a02021.<\/p><p>Les \u00e9lections auront lieu le <strong>15 novembre<\/strong> de 2021, par vote \u00e9lectronique ou en personne au si\u00e8ge de l'Ordre.<\/p><p>Voir toutes les informations sur le site de l'Ordre - y acc\u00e9der directement <span style=\"text-decoration: underline;\"><a href=\"https:\/\/staging.ordemdosfisioterapeutas.pt\/fr\/eleicoes\/\">en cliquant ici<\/a><\/span>.<\/p><p><strong>Participez aux premi\u00e8res \u00e9lections de l'Ordre des physioth\u00e9rapeutes.<\/strong><\/p>\t\t\t\t\t\t\t\t<\/div>\n\t\t\t\t<\/div>\n\t\t\t\t\t<\/div>\n\t\t<\/div>\n\t\t\t\t\t<\/div>\n\t\t<\/section>\n\t\t\t\t<\/div>","protected":false},"excerpt":{"rendered":"<p>Tous les kin\u00e9sith\u00e9rapeutes dont l'inscription \u00e0 l'Ordre est \u00e0 jour au 7 octobre 2021 peuvent voter. Si vous avez r\u00e9cemment d\u00e9pos\u00e9 votre demande d'inscription, merci de r\u00e9pondre rapidement \u00e0 toute demande de correction ou de paiement. Ne soyez pas en retard !<\/p>","protected":false},"author":1,"featured_media":2958,"comment_status":"closed","ping_status":"open","sticky":false,"template":"","format":"standard","meta":{"footnotes":""},"categories":[13],"tags":[],"class_list":["post-2959","post","type-post","status-publish","format-standard","has-post-thumbnail","hentry","category-noticias"],"_links":{"self":[{"href":"https:\/\/staging.ordemdosfisioterapeutas.pt\/fr\/wp-json\/wp\/v2\/posts\/2959","targetHints":{"allow":["GET"]}}],"collection":[{"href":"https:\/\/staging.ordemdosfisioterapeutas.pt\/fr\/wp-json\/wp\/v2\/posts"}],"about":[{"href":"https:\/\/staging.ordemdosfisioterapeutas.pt\/fr\/wp-json\/wp\/v2\/types\/post"}],"author":[{"embeddable":true,"href":"https:\/\/staging.ordemdosfisioterapeutas.pt\/fr\/wp-json\/wp\/v2\/users\/1"}],"replies":[{"embeddable":true,"href":"https:\/\/staging.ordemdosfisioterapeutas.pt\/fr\/wp-json\/wp\/v2\/comments?post=2959"}],"version-history":[{"count":0,"href":"https:\/\/staging.ordemdosfisioterapeutas.pt\/fr\/wp-json\/wp\/v2\/posts\/2959\/revisions"}],"wp:featuredmedia":[{"embeddable":true,"href":"https:\/\/staging.ordemdosfisioterapeutas.pt\/fr\/wp-json\/wp\/v2\/media\/2958"}],"wp:attachment":[{"href":"https:\/\/staging.ordemdosfisioterapeutas.pt\/fr\/wp-json\/wp\/v2\/media?parent=2959"}],"wp:term":[{"taxonomy":"category","embeddable":true,"href":"https:\/\/staging.ordemdosfisioterapeutas.pt\/fr\/wp-json\/wp\/v2\/categories?post=2959"},{"taxonomy":"post_tag","embeddable":true,"href":"https:\/\/staging.ordemdosfisioterapeutas.pt\/fr\/wp-json\/wp\/v2\/tags?post=2959"}],"curies":[{"name":"wp","href":"https:\/\/api.w.org\/{rel}","templated":true}]}}