{"id":2974,"date":"2021-09-17T18:12:14","date_gmt":"2021-09-17T17:12:14","guid":{"rendered":"https:\/\/staging.ordemdosfisioterapeutas.pt\/?p=2974"},"modified":"2021-09-17T18:14:57","modified_gmt":"2021-09-17T17:14:57","slug":"a-comissao-instaladora-da-ordem-dos-fisioterapeutas-reune-com-representantes-das-instituicoes-do-ensino-superior","status":"publish","type":"post","link":"https:\/\/staging.ordemdosfisioterapeutas.pt\/fr\/noticias\/a-comissao-instaladora-da-ordem-dos-fisioterapeutas-reune-com-representantes-das-instituicoes-do-ensino-superior\/","title":{"rendered":"La Commission d'installation de l'Ordre des kin\u00e9sith\u00e9rapeutes rencontre les repr\u00e9sentants des \u00e9tablissements d'enseignement sup\u00e9rieur"},"content":{"rendered":"<div data-elementor-type=\"wp-post\" data-elementor-id=\"2974\" class=\"elementor elementor-2974\" data-elementor-post-type=\"post\">\n\t\t\t\t\t\t<section class=\"elementor-section elementor-top-section elementor-element elementor-element-b6de0e9 elementor-section-boxed elementor-section-height-default elementor-section-height-default\" data-id=\"b6de0e9\" data-element_type=\"section\" data-e-type=\"section\">\n\t\t\t\t\t\t<div class=\"elementor-container elementor-column-gap-default\">\n\t\t\t\t\t<div class=\"elementor-column elementor-col-100 elementor-top-column elementor-element elementor-element-aad8e1b\" data-id=\"aad8e1b\" data-element_type=\"column\" data-e-type=\"column\">\n\t\t\t<div class=\"elementor-widget-wrap elementor-element-populated\">\n\t\t\t\t\t\t<div class=\"elementor-element elementor-element-cb6153a elementor-widget elementor-widget-text-editor\" data-id=\"cb6153a\" data-element_type=\"widget\" data-e-type=\"widget\" data-widget_type=\"text-editor.default\">\n\t\t\t\t<div class=\"elementor-widget-container\">\n\t\t\t\t\t\t\t\t\t<p>La Commission d'installation (CI) de l'Ordre a rencontr\u00e9 la direction de la <strong>CCISP<\/strong> - Conseil de coordination des instituts sup\u00e9rieurs polytechniques et de la <strong>APESP<\/strong> - Associa\u00e7\u00e3o Portuguesa do Ensino Superior Privado (Association portugaise de l'enseignement sup\u00e9rieur priv\u00e9), les structures repr\u00e9sentant les \u00e9tablissements d'enseignement sup\u00e9rieur portugais dans le secteur public et le secteur priv\u00e9 et coop\u00e9ratif, respectivement. Les r\u00e9unions avec le CCISP ont eu lieu le 30 mai et le 30 juillet et la r\u00e9union avec l'APESP a eu lieu le 30 juin.<br \/><br \/>Outre la pr\u00e9sentation des v\u0153ux, les deux r\u00e9unions ont abord\u00e9 des questions d'int\u00e9r\u00eat mutuel, qui ont fait l'objet d'une attention particuli\u00e8re :<br \/><br \/>1 - Collaboration pour faciliter les proc\u00e9dures d'inscription des nouveaux dipl\u00f4m\u00e9s au Barreau ;<br \/>2 - Promouvoir la qualit\u00e9 de l'enseignement de la physioth\u00e9rapie au niveau du premier cycle, le CI de l'Ordre constituant la r\u00e9f\u00e9rence pour la convergence avec les normes internationales ;<br \/>3 - Les perspectives de d\u00e9veloppement de sp\u00e9cialit\u00e9s au sein de la profession et la combinaison de formations post-gradu\u00e9es et de dipl\u00f4mes acad\u00e9miques sup\u00e9rieurs.<br \/><br \/>Toutes les r\u00e9unions ont conclu \u00e0 la n\u00e9cessit\u00e9 d'une coop\u00e9ration strat\u00e9gique et compl\u00e9mentaire, tout en reconnaissant la nature diff\u00e9rente des organisations concern\u00e9es.<br \/>En compl\u00e9ment de cette approche au niveau des organisations repr\u00e9sentant le secteur de l'\u00e9ducation, CI a maintenu un dialogue direct et formel avec les directeurs des \u00e9tablissements d'enseignement sup\u00e9rieur offrant une formation initiale en physioth\u00e9rapie, ainsi qu'avec les directeurs\/coordonnateurs des cours respectifs, ce qui s'est av\u00e9r\u00e9 fructueux.<\/p><p>Dans ses contacts avec les EES, le CI de l'Ordre a mis l'accent sur le respect de l'autonomie des organes p\u00e9dagogiques et scientifiques respectifs et a valoris\u00e9 le r\u00f4le des EES en termes de d\u00e9veloppement professionnel. Dans ce contexte, il convient de noter que le r\u00e9f\u00e9rentiel de convergence pour la formation initiale des kin\u00e9sith\u00e9rapeutes adopt\u00e9 par le CI de l'Ordre repose sur une proposition formul\u00e9e \u00e0 l'initiative d'un large \u00e9ventail d'enseignants.<\/p><p>Le CI de l'Ordre a \u00e9galement d\u00e9velopp\u00e9 des contacts avec les <strong>A3ES<\/strong> - Ag\u00eancia de Avalia\u00e7\u00e3o e Acredita\u00e7\u00e3o do Ensino Superior (Agence d'\u00e9valuation et d'accr\u00e9ditation de l'enseignement sup\u00e9rieur), dans l'attente de la programmation d'une r\u00e9union pour pr\u00e9senter les v\u0153ux au nouveau conseil d'administration de cette organisation.<br \/><br \/><br \/>Note - Photo de la r\u00e9union OF \/ APESP : Ant\u00f3nio Almeida Dias, Jos\u00e9 Jo\u00e3o Mendes, Jos\u00e9 Manuel Silva et Miguel Copetto et, du c\u00f4t\u00e9 de la commission d'installation, Isabel Souza Guerra, Ant\u00f3nio Lopes et Nuno Cordeiro.<\/p>\t\t\t\t\t\t\t\t<\/div>\n\t\t\t\t<\/div>\n\t\t\t\t\t<\/div>\n\t\t<\/div>\n\t\t\t\t\t<\/div>\n\t\t<\/section>\n\t\t\t\t<\/div>","protected":false},"excerpt":{"rendered":"<p>Le Comit\u00e9 d'installation (CI) du Barreau portugais a rencontr\u00e9 les directeurs du CCISP - Conseil de coordination des instituts polytechniques d'enseignement sup\u00e9rieur et de l'APESP - Association portugaise de l'enseignement sup\u00e9rieur priv\u00e9, structures repr\u00e9sentant les institutions portugaises d'enseignement sup\u00e9rieur (IES) du secteur public et du secteur priv\u00e9 et coop\u00e9ratif, respectivement. Les r\u00e9unions avec le CCISP ont eu lieu le 30 mai et le 30 juillet et la r\u00e9union avec l'APESP a eu lieu le 30 juin.<\/p>","protected":false},"author":1,"featured_media":2973,"comment_status":"closed","ping_status":"open","sticky":false,"template":"","format":"standard","meta":{"footnotes":""},"categories":[13],"tags":[],"class_list":["post-2974","post","type-post","status-publish","format-standard","has-post-thumbnail","hentry","category-noticias"],"_links":{"self":[{"href":"https:\/\/staging.ordemdosfisioterapeutas.pt\/fr\/wp-json\/wp\/v2\/posts\/2974","targetHints":{"allow":["GET"]}}],"collection":[{"href":"https:\/\/staging.ordemdosfisioterapeutas.pt\/fr\/wp-json\/wp\/v2\/posts"}],"about":[{"href":"https:\/\/staging.ordemdosfisioterapeutas.pt\/fr\/wp-json\/wp\/v2\/types\/post"}],"author":[{"embeddable":true,"href":"https:\/\/staging.ordemdosfisioterapeutas.pt\/fr\/wp-json\/wp\/v2\/users\/1"}],"replies":[{"embeddable":true,"href":"https:\/\/staging.ordemdosfisioterapeutas.pt\/fr\/wp-json\/wp\/v2\/comments?post=2974"}],"version-history":[{"count":0,"href":"https:\/\/staging.ordemdosfisioterapeutas.pt\/fr\/wp-json\/wp\/v2\/posts\/2974\/revisions"}],"wp:featuredmedia":[{"embeddable":true,"href":"https:\/\/staging.ordemdosfisioterapeutas.pt\/fr\/wp-json\/wp\/v2\/media\/2973"}],"wp:attachment":[{"href":"https:\/\/staging.ordemdosfisioterapeutas.pt\/fr\/wp-json\/wp\/v2\/media?parent=2974"}],"wp:term":[{"taxonomy":"category","embeddable":true,"href":"https:\/\/staging.ordemdosfisioterapeutas.pt\/fr\/wp-json\/wp\/v2\/categories?post=2974"},{"taxonomy":"post_tag","embeddable":true,"href":"https:\/\/staging.ordemdosfisioterapeutas.pt\/fr\/wp-json\/wp\/v2\/tags?post=2974"}],"curies":[{"name":"wp","href":"https:\/\/api.w.org\/{rel}","templated":true}]}}