{"id":3007,"date":"2021-09-23T16:48:05","date_gmt":"2021-09-23T15:48:05","guid":{"rendered":"https:\/\/staging.ordemdosfisioterapeutas.pt\/?p=3007"},"modified":"2021-09-23T16:48:44","modified_gmt":"2021-09-23T15:48:44","slug":"enipd-2021-2025","status":"publish","type":"post","link":"https:\/\/staging.ordemdosfisioterapeutas.pt\/fr\/noticias\/enipd-2021-2025\/","title":{"rendered":"ENIPD 2021-2025"},"content":{"rendered":"<div data-elementor-type=\"wp-post\" data-elementor-id=\"3007\" class=\"elementor elementor-3007\" data-elementor-post-type=\"post\">\n\t\t\t\t\t\t<section class=\"elementor-section elementor-top-section elementor-element elementor-element-85df53d elementor-section-boxed elementor-section-height-default elementor-section-height-default\" data-id=\"85df53d\" data-element_type=\"section\" data-e-type=\"section\">\n\t\t\t\t\t\t<div class=\"elementor-container elementor-column-gap-default\">\n\t\t\t\t\t<div class=\"elementor-column elementor-col-100 elementor-top-column elementor-element elementor-element-8585599\" data-id=\"8585599\" data-element_type=\"column\" data-e-type=\"column\">\n\t\t\t<div class=\"elementor-widget-wrap elementor-element-populated\">\n\t\t\t\t\t\t<div class=\"elementor-element elementor-element-359ea2c elementor-widget elementor-widget-text-editor\" data-id=\"359ea2c\" data-element_type=\"widget\" data-e-type=\"widget\" data-widget_type=\"text-editor.default\">\n\t\t\t\t<div class=\"elementor-widget-container\">\n\t\t\t\t\t\t\t\t\t<p>L'inclusion des personnes handicap\u00e9es est un objectif strat\u00e9gique pour la valorisation de tous les citoyens. Seule une soci\u00e9t\u00e9 qui inclut toutes les personnes peut r\u00e9aliser son v\u00e9ritable potentiel (...)\" dans la r\u00e9solution du Conseil des ministres n\u00b0 119\/2021 du 22 juillet 2021, publi\u00e9e dans le DRE du 31 ao\u00fbt.<\/p><p>Sur la base de la r\u00e9solution du Conseil des ministres n\u00b0 119\/2021 du 22 juillet 2021, publi\u00e9e dans le DRE du 31 ao\u00fbt, le Comit\u00e9 d'installation de l'Ordre des physioth\u00e9rapeutes, comprenant que les physioth\u00e9rapeutes sont des agents intervenants dans le Comit\u00e9 de suivi de la Strat\u00e9gie nationale pour l'inclusion des personnes handicap\u00e9es 2021-2025, a endoss\u00e9 une lettre \u00e0 la ministre de la Sant\u00e9, le Dr Marta Temido, <strong>demander la rectification de l'omission de participation \u00e0 la commission de suivi concern\u00e9e<\/strong>.<\/p>\t\t\t\t\t\t\t\t<\/div>\n\t\t\t\t<\/div>\n\t\t\t\t\t<\/div>\n\t\t<\/div>\n\t\t\t\t\t<\/div>\n\t\t<\/section>\n\t\t\t\t<\/div>","protected":false},"excerpt":{"rendered":"<p>L'inclusion des personnes handicap\u00e9es est un objectif strat\u00e9gique pour la valorisation de tous les citoyens. Seule une soci\u00e9t\u00e9 qui inclut toutes les personnes peut r\u00e9aliser son v\u00e9ritable potentiel (...)\" dans la r\u00e9solution du Conseil des ministres n\u00b0 119\/2021 du 22 juillet 2021, publi\u00e9e dans le DRE du 31 ao\u00fbt.<\/p>","protected":false},"author":1,"featured_media":3008,"comment_status":"closed","ping_status":"open","sticky":false,"template":"","format":"standard","meta":{"footnotes":""},"categories":[13],"tags":[],"class_list":["post-3007","post","type-post","status-publish","format-standard","has-post-thumbnail","hentry","category-noticias"],"_links":{"self":[{"href":"https:\/\/staging.ordemdosfisioterapeutas.pt\/fr\/wp-json\/wp\/v2\/posts\/3007","targetHints":{"allow":["GET"]}}],"collection":[{"href":"https:\/\/staging.ordemdosfisioterapeutas.pt\/fr\/wp-json\/wp\/v2\/posts"}],"about":[{"href":"https:\/\/staging.ordemdosfisioterapeutas.pt\/fr\/wp-json\/wp\/v2\/types\/post"}],"author":[{"embeddable":true,"href":"https:\/\/staging.ordemdosfisioterapeutas.pt\/fr\/wp-json\/wp\/v2\/users\/1"}],"replies":[{"embeddable":true,"href":"https:\/\/staging.ordemdosfisioterapeutas.pt\/fr\/wp-json\/wp\/v2\/comments?post=3007"}],"version-history":[{"count":0,"href":"https:\/\/staging.ordemdosfisioterapeutas.pt\/fr\/wp-json\/wp\/v2\/posts\/3007\/revisions"}],"wp:featuredmedia":[{"embeddable":true,"href":"https:\/\/staging.ordemdosfisioterapeutas.pt\/fr\/wp-json\/wp\/v2\/media\/3008"}],"wp:attachment":[{"href":"https:\/\/staging.ordemdosfisioterapeutas.pt\/fr\/wp-json\/wp\/v2\/media?parent=3007"}],"wp:term":[{"taxonomy":"category","embeddable":true,"href":"https:\/\/staging.ordemdosfisioterapeutas.pt\/fr\/wp-json\/wp\/v2\/categories?post=3007"},{"taxonomy":"post_tag","embeddable":true,"href":"https:\/\/staging.ordemdosfisioterapeutas.pt\/fr\/wp-json\/wp\/v2\/tags?post=3007"}],"curies":[{"name":"wp","href":"https:\/\/api.w.org\/{rel}","templated":true}]}}