{"id":3024,"date":"2021-09-27T16:09:59","date_gmt":"2021-09-27T15:09:59","guid":{"rendered":"https:\/\/staging.ordemdosfisioterapeutas.pt\/?p=3024"},"modified":"2021-09-27T16:11:45","modified_gmt":"2021-09-27T15:11:45","slug":"atingido-o-numero-5-000-de-requerimentos-de-inscricao-na-ordem-dos-fisioterapeutas","status":"publish","type":"post","link":"https:\/\/staging.ordemdosfisioterapeutas.pt\/fr\/noticias\/atingido-o-numero-5-000-de-requerimentos-de-inscricao-na-ordem-dos-fisioterapeutas\/","title":{"rendered":"5 000 demandes d'inscription \u00e0 l'Ordre des kin\u00e9sith\u00e9rapeutes ont \u00e9t\u00e9 satisfaites"},"content":{"rendered":"<div data-elementor-type=\"wp-post\" data-elementor-id=\"3024\" class=\"elementor elementor-3024\" data-elementor-post-type=\"post\">\n\t\t\t\t\t\t<section class=\"elementor-section elementor-top-section elementor-element elementor-element-bc0d04d elementor-section-boxed elementor-section-height-default elementor-section-height-default\" data-id=\"bc0d04d\" data-element_type=\"section\" data-e-type=\"section\">\n\t\t\t\t\t\t<div class=\"elementor-container elementor-column-gap-default\">\n\t\t\t\t\t<div class=\"elementor-column elementor-col-100 elementor-top-column elementor-element elementor-element-b66bad1\" data-id=\"b66bad1\" data-element_type=\"column\" data-e-type=\"column\">\n\t\t\t<div class=\"elementor-widget-wrap elementor-element-populated\">\n\t\t\t\t\t\t<div class=\"elementor-element elementor-element-29793a4 elementor-widget elementor-widget-text-editor\" data-id=\"29793a4\" data-element_type=\"widget\" data-e-type=\"widget\" data-widget_type=\"text-editor.default\">\n\t\t\t\t<div class=\"elementor-widget-container\">\n\t\t\t\t\t\t\t\t\t<p>La Commission d'installation a le plaisir de constater que les 5 000 premi\u00e8res demandes d'inscription \u00e0 l'Ordre des physioth\u00e9rapeutes ont \u00e9t\u00e9 re\u00e7ues hier.<\/p><p>F\u00e9licitations \u00e0 tous les kin\u00e9sith\u00e9rapeutes qui ont voulu, de mani\u00e8re responsable, garantir les conditions l\u00e9gales d'exercice de leur profession.<\/p><p>N'attendez plus !<\/p><p>S'inscrire d\u00e8s que possible\u00a0<span style=\"text-decoration: underline;\"><a href=\"https:\/\/staging.ordemdosfisioterapeutas.pt\/fr\/inscricao-na-ordem-dos-fisioterapeutas\/\">ici<\/a>.<\/span><\/p>\t\t\t\t\t\t\t\t<\/div>\n\t\t\t\t<\/div>\n\t\t\t\t\t<\/div>\n\t\t<\/div>\n\t\t\t\t\t<\/div>\n\t\t<\/section>\n\t\t\t\t<\/div>","protected":false},"excerpt":{"rendered":"<p>La Commission d'installation a le plaisir de constater que les 5 000 premi\u00e8res demandes d'inscription \u00e0 l'Ordre des physioth\u00e9rapeutes ont \u00e9t\u00e9 re\u00e7ues hier.<\/p>","protected":false},"author":1,"featured_media":3025,"comment_status":"closed","ping_status":"open","sticky":false,"template":"","format":"standard","meta":{"footnotes":""},"categories":[13],"tags":[],"class_list":["post-3024","post","type-post","status-publish","format-standard","has-post-thumbnail","hentry","category-noticias"],"_links":{"self":[{"href":"https:\/\/staging.ordemdosfisioterapeutas.pt\/fr\/wp-json\/wp\/v2\/posts\/3024","targetHints":{"allow":["GET"]}}],"collection":[{"href":"https:\/\/staging.ordemdosfisioterapeutas.pt\/fr\/wp-json\/wp\/v2\/posts"}],"about":[{"href":"https:\/\/staging.ordemdosfisioterapeutas.pt\/fr\/wp-json\/wp\/v2\/types\/post"}],"author":[{"embeddable":true,"href":"https:\/\/staging.ordemdosfisioterapeutas.pt\/fr\/wp-json\/wp\/v2\/users\/1"}],"replies":[{"embeddable":true,"href":"https:\/\/staging.ordemdosfisioterapeutas.pt\/fr\/wp-json\/wp\/v2\/comments?post=3024"}],"version-history":[{"count":0,"href":"https:\/\/staging.ordemdosfisioterapeutas.pt\/fr\/wp-json\/wp\/v2\/posts\/3024\/revisions"}],"wp:featuredmedia":[{"embeddable":true,"href":"https:\/\/staging.ordemdosfisioterapeutas.pt\/fr\/wp-json\/wp\/v2\/media\/3025"}],"wp:attachment":[{"href":"https:\/\/staging.ordemdosfisioterapeutas.pt\/fr\/wp-json\/wp\/v2\/media?parent=3024"}],"wp:term":[{"taxonomy":"category","embeddable":true,"href":"https:\/\/staging.ordemdosfisioterapeutas.pt\/fr\/wp-json\/wp\/v2\/categories?post=3024"},{"taxonomy":"post_tag","embeddable":true,"href":"https:\/\/staging.ordemdosfisioterapeutas.pt\/fr\/wp-json\/wp\/v2\/tags?post=3024"}],"curies":[{"name":"wp","href":"https:\/\/api.w.org\/{rel}","templated":true}]}}