{"id":3079,"date":"2021-09-30T18:06:22","date_gmt":"2021-09-30T17:06:22","guid":{"rendered":"https:\/\/staging.ordemdosfisioterapeutas.pt\/?p=3079"},"modified":"2021-10-01T13:19:43","modified_gmt":"2021-10-01T12:19:43","slug":"formulario-de-inscricao-na-ordem","status":"publish","type":"post","link":"https:\/\/staging.ordemdosfisioterapeutas.pt\/fr\/noticias\/formulario-de-inscricao-na-ordem\/","title":{"rendered":"Formulaire de demande d'inscription au barreau"},"content":{"rendered":"<div data-elementor-type=\"wp-post\" data-elementor-id=\"3079\" class=\"elementor elementor-3079\" data-elementor-post-type=\"post\">\n\t\t\t\t\t\t<section class=\"elementor-section elementor-top-section elementor-element elementor-element-c602321 elementor-section-boxed elementor-section-height-default elementor-section-height-default\" data-id=\"c602321\" data-element_type=\"section\" data-e-type=\"section\">\n\t\t\t\t\t\t<div class=\"elementor-container elementor-column-gap-default\">\n\t\t\t\t\t<div class=\"elementor-column elementor-col-100 elementor-top-column elementor-element elementor-element-799eccb\" data-id=\"799eccb\" data-element_type=\"column\" data-e-type=\"column\">\n\t\t\t<div class=\"elementor-widget-wrap elementor-element-populated\">\n\t\t\t\t\t\t<div class=\"elementor-element elementor-element-198cb94 elementor-widget elementor-widget-text-editor\" data-id=\"198cb94\" data-element_type=\"widget\" data-e-type=\"widget\" data-widget_type=\"text-editor.default\">\n\t\t\t\t<div class=\"elementor-widget-container\">\n\t\t\t\t\t\t\t\t\t<p>En ce qui concerne la longueur et la pr\u00e9cision du processus d'inscription \u00e0 l'Ordre, la Commission d'installation de l'Ordre des kin\u00e9sith\u00e9rapeutes pr\u00e9cise que la composition du formulaire d'inscription a \u00e9t\u00e9 con\u00e7ue avec l'aide d'experts et test\u00e9e aupr\u00e8s d'un \u00e9chantillon de confr\u00e8res.<\/p><p>D'une part, pour garantir la s\u00e9curit\u00e9 des utilisateurs et, d'autre part, d'un point de vue organisationnel, pour \u00eatre en mesure de comprendre en d\u00e9tail qui sont les physioth\u00e9rapeutes, quel est leur profil de formation et dans quels contextes de travail ils travaillent.<\/p><p>Soulignant que l'Ordre a \u00e9galement un r\u00f4le \u00e0 jouer dans \"la fourniture de services \u00e0 ses membres en mati\u00e8re d'exercice professionnel, notamment en mati\u00e8re d'information, de formation professionnelle et d'assistance technique et juridique\", la connaissance du profil de ses membres est essentielle pour que les futures instances \u00e9lues puissent r\u00e9fl\u00e9chir au type de services \u00e0 d\u00e9velopper, tant en mati\u00e8re de d\u00e9fense directe de chaque individu qu'en mati\u00e8re de sant\u00e9 publique.<\/p><p>Le CI aurait pu opter pour un mod\u00e8le d'enregistrement plus simplifi\u00e9, afin d'approfondir ult\u00e9rieurement la connaissance de ses membres. Il s'agit d'une opportunit\u00e9 et d'un premier effort pour rassembler un ensemble d'informations essentielles pour caract\u00e9riser les physioth\u00e9rapeutes portugais, ce qui est fondamental pour que les physioth\u00e9rapeutes assument une responsabilit\u00e9 individuelle et collective dans leur pratique quotidienne.<\/p><p>Nous esp\u00e9rons qu'avec la future publication du profil des membres de l'Ordre, les coll\u00e8gues auront le sentiment que leurs efforts pour remplir le formulaire ont \u00e9t\u00e9 r\u00e9compens\u00e9s.<\/p>\t\t\t\t\t\t\t\t<\/div>\n\t\t\t\t<\/div>\n\t\t\t\t<div class=\"elementor-element elementor-element-6c4d941 elementor-align-left elementor-widget elementor-widget-button\" data-id=\"6c4d941\" data-element_type=\"widget\" data-e-type=\"widget\" data-widget_type=\"button.default\">\n\t\t\t\t<div class=\"elementor-widget-container\">\n\t\t\t\t\t\t\t\t\t<div class=\"elementor-button-wrapper\">\n\t\t\t\t\t<a class=\"elementor-button elementor-button-link elementor-size-sm\" href=\"https:\/\/staging.ordemdosfisioterapeutas.pt\/wp-content\/uploads\/2021\/09\/caracterizacao-formulario.pdf\">\n\t\t\t\t\t\t<span class=\"elementor-button-content-wrapper\">\n\t\t\t\t\t\t\t\t\t<span class=\"elementor-button-text\">Caract\u00e9risation de la forme<\/span>\n\t\t\t\t\t<\/span>\n\t\t\t\t\t<\/a>\n\t\t\t\t<\/div>\n\t\t\t\t\t\t\t\t<\/div>\n\t\t\t\t<\/div>\n\t\t\t\t\t<\/div>\n\t\t<\/div>\n\t\t\t\t\t<\/div>\n\t\t<\/section>\n\t\t\t\t<\/div>","protected":false},"excerpt":{"rendered":"<p>En ce qui concerne la longueur et la pr\u00e9cision du processus d'inscription \u00e0 l'Ordre, la Commission d'installation de l'Ordre des kin\u00e9sith\u00e9rapeutes pr\u00e9cise que la composition du formulaire d'inscription a \u00e9t\u00e9 con\u00e7ue avec l'aide d'experts et test\u00e9e aupr\u00e8s d'un \u00e9chantillon de confr\u00e8res.       <\/p>","protected":false},"author":1,"featured_media":3080,"comment_status":"closed","ping_status":"open","sticky":false,"template":"","format":"standard","meta":{"footnotes":""},"categories":[13],"tags":[],"class_list":["post-3079","post","type-post","status-publish","format-standard","has-post-thumbnail","hentry","category-noticias"],"_links":{"self":[{"href":"https:\/\/staging.ordemdosfisioterapeutas.pt\/fr\/wp-json\/wp\/v2\/posts\/3079","targetHints":{"allow":["GET"]}}],"collection":[{"href":"https:\/\/staging.ordemdosfisioterapeutas.pt\/fr\/wp-json\/wp\/v2\/posts"}],"about":[{"href":"https:\/\/staging.ordemdosfisioterapeutas.pt\/fr\/wp-json\/wp\/v2\/types\/post"}],"author":[{"embeddable":true,"href":"https:\/\/staging.ordemdosfisioterapeutas.pt\/fr\/wp-json\/wp\/v2\/users\/1"}],"replies":[{"embeddable":true,"href":"https:\/\/staging.ordemdosfisioterapeutas.pt\/fr\/wp-json\/wp\/v2\/comments?post=3079"}],"version-history":[{"count":0,"href":"https:\/\/staging.ordemdosfisioterapeutas.pt\/fr\/wp-json\/wp\/v2\/posts\/3079\/revisions"}],"wp:featuredmedia":[{"embeddable":true,"href":"https:\/\/staging.ordemdosfisioterapeutas.pt\/fr\/wp-json\/wp\/v2\/media\/3080"}],"wp:attachment":[{"href":"https:\/\/staging.ordemdosfisioterapeutas.pt\/fr\/wp-json\/wp\/v2\/media?parent=3079"}],"wp:term":[{"taxonomy":"category","embeddable":true,"href":"https:\/\/staging.ordemdosfisioterapeutas.pt\/fr\/wp-json\/wp\/v2\/categories?post=3079"},{"taxonomy":"post_tag","embeddable":true,"href":"https:\/\/staging.ordemdosfisioterapeutas.pt\/fr\/wp-json\/wp\/v2\/tags?post=3079"}],"curies":[{"name":"wp","href":"https:\/\/api.w.org\/{rel}","templated":true}]}}