{"id":3379,"date":"2021-11-01T09:34:31","date_gmt":"2021-11-01T09:34:31","guid":{"rendered":"https:\/\/staging.ordemdosfisioterapeutas.pt\/?p=3379"},"modified":"2021-11-01T09:35:58","modified_gmt":"2021-11-01T09:35:58","slug":"a-conclusao-do-ato-eleitoral","status":"publish","type":"post","link":"https:\/\/staging.ordemdosfisioterapeutas.pt\/fr\/noticias\/a-conclusao-do-ato-eleitoral\/","title":{"rendered":"Compl\u00e9ter la loi \u00e9lectorale"},"content":{"rendered":"<div data-elementor-type=\"wp-post\" data-elementor-id=\"3379\" class=\"elementor elementor-3379\" data-elementor-post-type=\"post\">\n\t\t\t\t\t\t<section class=\"elementor-section elementor-top-section elementor-element elementor-element-75479b4 elementor-section-boxed elementor-section-height-default elementor-section-height-default\" data-id=\"75479b4\" data-element_type=\"section\" data-e-type=\"section\">\n\t\t\t\t\t\t<div class=\"elementor-container elementor-column-gap-default\">\n\t\t\t\t\t<div class=\"elementor-column elementor-col-100 elementor-top-column elementor-element elementor-element-ffee53b\" data-id=\"ffee53b\" data-element_type=\"column\" data-e-type=\"column\">\n\t\t\t<div class=\"elementor-widget-wrap elementor-element-populated\">\n\t\t\t\t\t\t<div class=\"elementor-element elementor-element-e85318c elementor-widget elementor-widget-text-editor\" data-id=\"e85318c\" data-element_type=\"widget\" data-e-type=\"widget\" data-widget_type=\"text-editor.default\">\n\t\t\t\t<div class=\"elementor-widget-container\">\n\t\t\t\t\t\t\t\t\t<p>Suite aux communications sur les \u00c9LECTIONS qui se tiendront le 15 novembre, nous souhaitons vous informer de la derni\u00e8re \"\u00e9tape\" : la FIN DU VOTE.<\/p><p>Apr\u00e8s avoir vu \u00e0 quoi ressemblent les bulletins de vote et comment faire vos choix, il est important de se rappeler ce qui suit :<\/p><ul><li>Apr\u00e8s avoir cliqu\u00e9 sur \"Ins\u00e9rer les votes dans l'urne\", un \u00e9cran s'affiche pour confirmer que les votes ont bien \u00e9t\u00e9 ins\u00e9r\u00e9s. \u00c0 ce stade, il n'est plus possible de modifier votre vote ;<\/li><li>Fin du processus de vote. Vous pouvez fermer la fen\u00eatre de votre navigateur.<\/li><\/ul><p>Passez en revue toutes les \u00e9tapes de votre ACTE DE VOTE sur notre page \u00e0 l'adresse suivante : <a href=\"https:\/\/staging.ordemdosfisioterapeutas.pt\/fr\/eleicoes\/ato-eleitoral\/?fbclid=IwAR1_16x8_LeP_-r5fy-m9ZW8vKE4oU20z0wUTqLca2SPXPobFxuxgdD-3Bk\">https:\/\/staging.ordemdosfisioterapeutas.pt\/eleicoes\/ato-eleitoral\/<\/a><\/p><p>\u00a0<\/p>\t\t\t\t\t\t\t\t<\/div>\n\t\t\t\t<\/div>\n\t\t\t\t\t<\/div>\n\t\t<\/div>\n\t\t\t\t\t<\/div>\n\t\t<\/section>\n\t\t\t\t<\/div>","protected":false},"excerpt":{"rendered":"<p>Suite aux communications sur les \u00c9LECTIONS qui se tiendront le 15 novembre, nous souhaitons vous informer de la derni\u00e8re \"\u00e9tape\" : la FIN DU VOTE.<\/p>","protected":false},"author":1,"featured_media":3380,"comment_status":"closed","ping_status":"open","sticky":false,"template":"","format":"standard","meta":{"footnotes":""},"categories":[13],"tags":[],"class_list":["post-3379","post","type-post","status-publish","format-standard","has-post-thumbnail","hentry","category-noticias"],"_links":{"self":[{"href":"https:\/\/staging.ordemdosfisioterapeutas.pt\/fr\/wp-json\/wp\/v2\/posts\/3379","targetHints":{"allow":["GET"]}}],"collection":[{"href":"https:\/\/staging.ordemdosfisioterapeutas.pt\/fr\/wp-json\/wp\/v2\/posts"}],"about":[{"href":"https:\/\/staging.ordemdosfisioterapeutas.pt\/fr\/wp-json\/wp\/v2\/types\/post"}],"author":[{"embeddable":true,"href":"https:\/\/staging.ordemdosfisioterapeutas.pt\/fr\/wp-json\/wp\/v2\/users\/1"}],"replies":[{"embeddable":true,"href":"https:\/\/staging.ordemdosfisioterapeutas.pt\/fr\/wp-json\/wp\/v2\/comments?post=3379"}],"version-history":[{"count":0,"href":"https:\/\/staging.ordemdosfisioterapeutas.pt\/fr\/wp-json\/wp\/v2\/posts\/3379\/revisions"}],"wp:featuredmedia":[{"embeddable":true,"href":"https:\/\/staging.ordemdosfisioterapeutas.pt\/fr\/wp-json\/wp\/v2\/media\/3380"}],"wp:attachment":[{"href":"https:\/\/staging.ordemdosfisioterapeutas.pt\/fr\/wp-json\/wp\/v2\/media?parent=3379"}],"wp:term":[{"taxonomy":"category","embeddable":true,"href":"https:\/\/staging.ordemdosfisioterapeutas.pt\/fr\/wp-json\/wp\/v2\/categories?post=3379"},{"taxonomy":"post_tag","embeddable":true,"href":"https:\/\/staging.ordemdosfisioterapeutas.pt\/fr\/wp-json\/wp\/v2\/tags?post=3379"}],"curies":[{"name":"wp","href":"https:\/\/api.w.org\/{rel}","templated":true}]}}