{"id":3393,"date":"2021-11-07T17:51:03","date_gmt":"2021-11-07T17:51:03","guid":{"rendered":"https:\/\/staging.ordemdosfisioterapeutas.pt\/?p=3393"},"modified":"2021-11-07T17:57:59","modified_gmt":"2021-11-07T17:57:59","slug":"os-debates-dos-candidatos-a-bastonario-da-ordem-dos-fisioterapeutas","status":"publish","type":"post","link":"https:\/\/staging.ordemdosfisioterapeutas.pt\/fr\/noticias\/os-debates-dos-candidatos-a-bastonario-da-ordem-dos-fisioterapeutas\/","title":{"rendered":"Les d\u00e9bats des candidats \u00e0 la pr\u00e9sidence de l'Ordre des kin\u00e9sith\u00e9rapeutes"},"content":{"rendered":"<div data-elementor-type=\"wp-post\" data-elementor-id=\"3393\" class=\"elementor elementor-3393\" data-elementor-post-type=\"post\">\n\t\t\t\t\t\t<section class=\"elementor-section elementor-top-section elementor-element elementor-element-9554401 elementor-section-boxed elementor-section-height-default elementor-section-height-default\" data-id=\"9554401\" data-element_type=\"section\" data-e-type=\"section\">\n\t\t\t\t\t\t<div class=\"elementor-container elementor-column-gap-default\">\n\t\t\t\t\t<div class=\"elementor-column elementor-col-100 elementor-top-column elementor-element elementor-element-9f64eeb\" data-id=\"9f64eeb\" data-element_type=\"column\" data-e-type=\"column\">\n\t\t\t<div class=\"elementor-widget-wrap elementor-element-populated\">\n\t\t\t\t\t\t<div class=\"elementor-element elementor-element-be241d6 elementor-widget elementor-widget-text-editor\" data-id=\"be241d6\" data-element_type=\"widget\" data-e-type=\"widget\" data-widget_type=\"text-editor.default\">\n\t\t\t\t<div class=\"elementor-widget-container\">\n\t\t\t\t\t\t\t\t\t<p>Lundi dernier, le 1er novembre, a eu lieu le premier d\u00e9bat entre les deux candidats \u00e0 la pr\u00e9sidence de l'Ordre des physioth\u00e9rapeutes, le physioth\u00e9rapeute Ant\u00f3nio Lopes et le physioth\u00e9rapeute Emanuel Vital, anim\u00e9 par la journaliste Marta Reis (directrice adjointe de Jornal I et Jornal SOL). L'\u00e9v\u00e9nement a \u00e9t\u00e9 retransmis en direct sur la plateforme YouTube.<\/p><p>Regardez ou revoyez le premier d\u00e9bat ici : <span style=\"text-decoration: underline;\"><a href=\"https:\/\/www.youtube.com\/watch?v=rqNUSvTo9PE\" target=\"_blank\" rel=\"noopener\">https:\/\/www.youtube.com\/watch?v=rqNUSvTo9PE<\/a><\/span><\/p><p>La deuxi\u00e8me r\u00e9union aura lieu le 8 novembre \u00e0 18h30.<\/p><p>Ces d\u00e9bats sont organis\u00e9s par <a href=\"https:\/\/www.facebook.com\/ANJFisioterapia\/?__cft__%5b0%5d=AZX_bdE0EK6vShetTlszX9Z8twf4mFhMAQWvu8cn099MbmZGD1K7u-Vd6raVd92_6uMjLiXHa1NK5-D9ckqHFnWAUAiUz82N0COa2sBa31NL8ByjHx26Bfbw-CaAgLqFR8EvD8_oTEYU2dORFsSVITYdPl5D1SgpHj723tujYPc-kQ&amp;__tn__=kK-R\">Association nationale des jeunes physioth\u00e9rapeutes<\/a>avec la collaboration de la Commission d'installation de la <a href=\"https:\/\/www.facebook.com\/OrdemDosFisioterapeutas\/?__cft__%5b0%5d=AZX_bdE0EK6vShetTlszX9Z8twf4mFhMAQWvu8cn099MbmZGD1K7u-Vd6raVd92_6uMjLiXHa1NK5-D9ckqHFnWAUAiUz82N0COa2sBa31NL8ByjHx26Bfbw-CaAgLqFR8EvD8_oTEYU2dORFsSVITYdPl5D1SgpHj723tujYPc-kQ&amp;__tn__=kK-R\">Ordre des physioth\u00e9rapeutes<\/a>.<\/p><p>Afin de clarifier la situation pour tous ceux qui souhaitent voter plus consciemment lors des prochaines \u00e9lections, je vous invite \u00e0 regarder et \u00e0 partager ces moments d'une grande importance pour l'avenir de l'Europe. <a href=\"https:\/\/www.facebook.com\/hashtag\/fisioterapia?__eep__=6&amp;__cft__%5b0%5d=AZX_bdE0EK6vShetTlszX9Z8twf4mFhMAQWvu8cn099MbmZGD1K7u-Vd6raVd92_6uMjLiXHa1NK5-D9ckqHFnWAUAiUz82N0COa2sBa31NL8ByjHx26Bfbw-CaAgLqFR8EvD8_oTEYU2dORFsSVITYdPl5D1SgpHj723tujYPc-kQ&amp;__tn__=*NK-R\">#hysioth\u00e9rapie<\/a> au Portugal.<\/p>\t\t\t\t\t\t\t\t<\/div>\n\t\t\t\t<\/div>\n\t\t\t\t\t<\/div>\n\t\t<\/div>\n\t\t\t\t\t<\/div>\n\t\t<\/section>\n\t\t\t\t<\/div>","protected":false},"excerpt":{"rendered":"<p>Lundi dernier, le 1er novembre, a eu lieu le premier d\u00e9bat entre les deux candidats \u00e0 la pr\u00e9sidence de l'Ordre des physioth\u00e9rapeutes, le physioth\u00e9rapeute Ant\u00f3nio Lopes et le physioth\u00e9rapeute Emanuel Vital, anim\u00e9 par la journaliste Marta Reis (directrice adjointe de Jornal I et Jornal SOL). L'\u00e9v\u00e9nement a \u00e9t\u00e9 retransmis en direct sur la plateforme YouTube.<\/p>","protected":false},"author":1,"featured_media":3394,"comment_status":"closed","ping_status":"open","sticky":false,"template":"","format":"standard","meta":{"footnotes":""},"categories":[13],"tags":[],"class_list":["post-3393","post","type-post","status-publish","format-standard","has-post-thumbnail","hentry","category-noticias"],"_links":{"self":[{"href":"https:\/\/staging.ordemdosfisioterapeutas.pt\/fr\/wp-json\/wp\/v2\/posts\/3393","targetHints":{"allow":["GET"]}}],"collection":[{"href":"https:\/\/staging.ordemdosfisioterapeutas.pt\/fr\/wp-json\/wp\/v2\/posts"}],"about":[{"href":"https:\/\/staging.ordemdosfisioterapeutas.pt\/fr\/wp-json\/wp\/v2\/types\/post"}],"author":[{"embeddable":true,"href":"https:\/\/staging.ordemdosfisioterapeutas.pt\/fr\/wp-json\/wp\/v2\/users\/1"}],"replies":[{"embeddable":true,"href":"https:\/\/staging.ordemdosfisioterapeutas.pt\/fr\/wp-json\/wp\/v2\/comments?post=3393"}],"version-history":[{"count":0,"href":"https:\/\/staging.ordemdosfisioterapeutas.pt\/fr\/wp-json\/wp\/v2\/posts\/3393\/revisions"}],"wp:featuredmedia":[{"embeddable":true,"href":"https:\/\/staging.ordemdosfisioterapeutas.pt\/fr\/wp-json\/wp\/v2\/media\/3394"}],"wp:attachment":[{"href":"https:\/\/staging.ordemdosfisioterapeutas.pt\/fr\/wp-json\/wp\/v2\/media?parent=3393"}],"wp:term":[{"taxonomy":"category","embeddable":true,"href":"https:\/\/staging.ordemdosfisioterapeutas.pt\/fr\/wp-json\/wp\/v2\/categories?post=3393"},{"taxonomy":"post_tag","embeddable":true,"href":"https:\/\/staging.ordemdosfisioterapeutas.pt\/fr\/wp-json\/wp\/v2\/tags?post=3393"}],"curies":[{"name":"wp","href":"https:\/\/api.w.org\/{rel}","templated":true}]}}