{"id":3552,"date":"2021-12-01T19:21:30","date_gmt":"2021-12-01T19:21:30","guid":{"rendered":"https:\/\/staging.ordemdosfisioterapeutas.pt\/?p=3552"},"modified":"2021-12-01T19:22:31","modified_gmt":"2021-12-01T19:22:31","slug":"parabens-a-aofa","status":"publish","type":"post","link":"https:\/\/staging.ordemdosfisioterapeutas.pt\/fr\/noticias\/parabens-a-aofa\/","title":{"rendered":"F\u00c9LICITATIONS \u00c0 L'AOFA"},"content":{"rendered":"<div data-elementor-type=\"wp-post\" data-elementor-id=\"3552\" class=\"elementor elementor-3552\" data-elementor-post-type=\"post\">\n\t\t\t\t\t\t<section class=\"elementor-section elementor-top-section elementor-element elementor-element-3ad4007 elementor-section-boxed elementor-section-height-default elementor-section-height-default\" data-id=\"3ad4007\" data-element_type=\"section\" data-e-type=\"section\">\n\t\t\t\t\t\t<div class=\"elementor-container elementor-column-gap-default\">\n\t\t\t\t\t<div class=\"elementor-column elementor-col-100 elementor-top-column elementor-element elementor-element-b816384\" data-id=\"b816384\" data-element_type=\"column\" data-e-type=\"column\">\n\t\t\t<div class=\"elementor-widget-wrap elementor-element-populated\">\n\t\t\t\t\t\t<div class=\"elementor-element elementor-element-23a2834 elementor-widget elementor-widget-text-editor\" data-id=\"23a2834\" data-element_type=\"widget\" data-e-type=\"widget\" data-widget_type=\"text-editor.default\">\n\t\t\t\t<div class=\"elementor-widget-container\">\n\t\t\t\t\t\t\t\t\t<p>L'Association des officiers des forces arm\u00e9es (AOFA) a c\u00e9l\u00e9br\u00e9 son 29e anniversaire le 27 novembre.<\/p><p>L'Ordre des kin\u00e9sith\u00e9rapeutes \u00e9tait pr\u00e9sent \u00e0 la c\u00e9r\u00e9monie comm\u00e9morative qui s'est d\u00e9roul\u00e9e \u00e0 Trafaria, le kin\u00e9sith\u00e9rapeute Ant\u00f3nio M. F. Lopes repr\u00e9sentant le pr\u00e9sident de la Commission d'installation.\u00a0<\/p><p>La comm\u00e9moration comprenait un \"hommage aux organisations qui ont contribu\u00e9 \u00e0 l'effort de lutte contre le COVID-19\". Dans ce contexte, parmi les diff\u00e9rents professionnels de la sant\u00e9, une mention globale a \u00e9t\u00e9 faite aux physioth\u00e9rapeutes, avec la remise d'une plaque comm\u00e9morative au repr\u00e9sentant de l'Ordre des physioth\u00e9rapeutes, et plus particuli\u00e8rement aux physioth\u00e9rapeutes militaires et civils travaillant dans les forces arm\u00e9es, avec la remise d'une plaque comm\u00e9morative au physioth\u00e9rapeute Fl\u00f3rido Pereira.<\/p><p>L'Ordre des physioth\u00e9rapeutes f\u00e9licite l'AOFA pour son 29e anniversaire et pour cette initiative.<\/p><p>Le physioth\u00e9rapeute Ant\u00f3nio Lopes a profit\u00e9 de l'occasion pour s'informer des pr\u00e9occupations des physioth\u00e9rapeutes des forces arm\u00e9es, dans le cadre d'un dialogue fructueux avec ses coll\u00e8gues Arminda Cardoso et Fl\u00f3rido Pereira.<\/p>\t\t\t\t\t\t\t\t<\/div>\n\t\t\t\t<\/div>\n\t\t\t\t\t<\/div>\n\t\t<\/div>\n\t\t\t\t\t<\/div>\n\t\t<\/section>\n\t\t\t\t<\/div>","protected":false},"excerpt":{"rendered":"<p>L'Association des officiers des forces arm\u00e9es (AOFA) a c\u00e9l\u00e9br\u00e9 son 29e anniversaire le 27 novembre. <\/p>","protected":false},"author":1,"featured_media":3553,"comment_status":"closed","ping_status":"open","sticky":false,"template":"","format":"standard","meta":{"footnotes":""},"categories":[13],"tags":[],"class_list":["post-3552","post","type-post","status-publish","format-standard","has-post-thumbnail","hentry","category-noticias"],"_links":{"self":[{"href":"https:\/\/staging.ordemdosfisioterapeutas.pt\/fr\/wp-json\/wp\/v2\/posts\/3552","targetHints":{"allow":["GET"]}}],"collection":[{"href":"https:\/\/staging.ordemdosfisioterapeutas.pt\/fr\/wp-json\/wp\/v2\/posts"}],"about":[{"href":"https:\/\/staging.ordemdosfisioterapeutas.pt\/fr\/wp-json\/wp\/v2\/types\/post"}],"author":[{"embeddable":true,"href":"https:\/\/staging.ordemdosfisioterapeutas.pt\/fr\/wp-json\/wp\/v2\/users\/1"}],"replies":[{"embeddable":true,"href":"https:\/\/staging.ordemdosfisioterapeutas.pt\/fr\/wp-json\/wp\/v2\/comments?post=3552"}],"version-history":[{"count":0,"href":"https:\/\/staging.ordemdosfisioterapeutas.pt\/fr\/wp-json\/wp\/v2\/posts\/3552\/revisions"}],"wp:featuredmedia":[{"embeddable":true,"href":"https:\/\/staging.ordemdosfisioterapeutas.pt\/fr\/wp-json\/wp\/v2\/media\/3553"}],"wp:attachment":[{"href":"https:\/\/staging.ordemdosfisioterapeutas.pt\/fr\/wp-json\/wp\/v2\/media?parent=3552"}],"wp:term":[{"taxonomy":"category","embeddable":true,"href":"https:\/\/staging.ordemdosfisioterapeutas.pt\/fr\/wp-json\/wp\/v2\/categories?post=3552"},{"taxonomy":"post_tag","embeddable":true,"href":"https:\/\/staging.ordemdosfisioterapeutas.pt\/fr\/wp-json\/wp\/v2\/tags?post=3552"}],"curies":[{"name":"wp","href":"https:\/\/api.w.org\/{rel}","templated":true}]}}