{"id":3563,"date":"2021-12-09T12:32:56","date_gmt":"2021-12-09T12:32:56","guid":{"rendered":"https:\/\/staging.ordemdosfisioterapeutas.pt\/?p=3563"},"modified":"2021-12-09T12:34:37","modified_gmt":"2021-12-09T12:34:37","slug":"vacinacao-covid-19-plano-para-fisioterapeutas","status":"publish","type":"post","link":"https:\/\/staging.ordemdosfisioterapeutas.pt\/fr\/noticias\/vacinacao-covid-19-plano-para-fisioterapeutas\/","title":{"rendered":"COVID-19 Vaccination - Plan pour les physioth\u00e9rapeutes"},"content":{"rendered":"<div data-elementor-type=\"wp-post\" data-elementor-id=\"3563\" class=\"elementor elementor-3563\" data-elementor-post-type=\"post\">\n\t\t\t\t\t\t<section class=\"elementor-section elementor-top-section elementor-element elementor-element-e6827a4 elementor-section-boxed elementor-section-height-default elementor-section-height-default\" data-id=\"e6827a4\" data-element_type=\"section\" data-e-type=\"section\">\n\t\t\t\t\t\t<div class=\"elementor-container elementor-column-gap-default\">\n\t\t\t\t\t<div class=\"elementor-column elementor-col-100 elementor-top-column elementor-element elementor-element-2830a19\" data-id=\"2830a19\" data-element_type=\"column\" data-e-type=\"column\">\n\t\t\t<div class=\"elementor-widget-wrap elementor-element-populated\">\n\t\t\t\t\t\t<div class=\"elementor-element elementor-element-0644679 elementor-widget elementor-widget-text-editor\" data-id=\"0644679\" data-element_type=\"widget\" data-e-type=\"widget\" data-widget_type=\"text-editor.default\">\n\t\t\t\t<div class=\"elementor-widget-container\">\n\t\t\t\t\t\t\t\t\t<p>La Commission d'installation de la <span data-offset-key=\"1js40-1-0\">Ordre des physioth\u00e9rapeutes<\/span><span data-offset-key=\"1js40-2-0\"> informations demand\u00e9es \u00e0 la DGS - Centre de coordination des vaccinations Covid19 <\/span>\u00e0 propos de<span data-offset-key=\"1js40-4-0\"> la m\u00e9thode de pr\u00e9sentation des vaccins \u00e0 adopter pour les membres de l'Ordre.<\/span><\/p><p><span data-offset-key=\"61jea-0-0\">Il a \u00e9t\u00e9 indiqu\u00e9 que, comme les autres professionnels de la sant\u00e9, tous les membres de l'Ordre des kin\u00e9sith\u00e9rapeutes devraient se rendre dans les centres de vaccination pendant la p\u00e9riode \"Portes ouvertes\", en demandant \u00e0 l'avance un mot de passe num\u00e9rique, afin de se faire vacciner avec la dose de rappel COVID19. <\/span><\/p><p><span data-offset-key=\"60vlc-0-0\">Cette demande, en mode \"Open House\", est \u00e0 l'usage exclusif du groupe \"Professionnels de la sant\u00e9 et autres professionnels des soins\".<\/span><\/p><p><span data-offset-key=\"rkfa-0-0\">Il convient \u00e9galement de souligner qu'ils doivent fournir la preuve de leur profession au moment de la vaccination, en tant que membre de l'Union europ\u00e9enne. <\/span><span data-offset-key=\"rkfa-1-0\">Ordre des physioth\u00e9rapeutes<\/span><span data-offset-key=\"rkfa-2-0\">par le biais de leur licence professionnelle.<\/span><\/p><p><span data-offset-key=\"8ok6a-0-0\">Toutes les informations sur la \"Journ\u00e9e portes ouvertes\" et toutes les d\u00e9marches \u00e0 effectuer sont disponibles sur le site : <\/span><span style=\"text-decoration: underline;\"><a href=\"https:\/\/covid19.min-saude.pt\/casa-aberta\/\">https:\/\/covid19.min-saude.pt\/casa-aberta\/<\/a><\/span><\/p>\t\t\t\t\t\t\t\t<\/div>\n\t\t\t\t<\/div>\n\t\t\t\t\t<\/div>\n\t\t<\/div>\n\t\t\t\t\t<\/div>\n\t\t<\/section>\n\t\t\t\t<\/div>","protected":false},"excerpt":{"rendered":"<p>La Commission d'installation de l'Ordre des kin\u00e9sith\u00e9rapeutes a demand\u00e9 \u00e0 la DGS - Centre de coordination des vaccinations Covid19 des informations sur la m\u00e9thodologie de soumission \u00e0 la vaccination \u00e0 adopter pour les membres de cet Ordre.<\/p>","protected":false},"author":1,"featured_media":3564,"comment_status":"closed","ping_status":"open","sticky":false,"template":"","format":"standard","meta":{"footnotes":""},"categories":[13],"tags":[],"class_list":["post-3563","post","type-post","status-publish","format-standard","has-post-thumbnail","hentry","category-noticias"],"_links":{"self":[{"href":"https:\/\/staging.ordemdosfisioterapeutas.pt\/fr\/wp-json\/wp\/v2\/posts\/3563","targetHints":{"allow":["GET"]}}],"collection":[{"href":"https:\/\/staging.ordemdosfisioterapeutas.pt\/fr\/wp-json\/wp\/v2\/posts"}],"about":[{"href":"https:\/\/staging.ordemdosfisioterapeutas.pt\/fr\/wp-json\/wp\/v2\/types\/post"}],"author":[{"embeddable":true,"href":"https:\/\/staging.ordemdosfisioterapeutas.pt\/fr\/wp-json\/wp\/v2\/users\/1"}],"replies":[{"embeddable":true,"href":"https:\/\/staging.ordemdosfisioterapeutas.pt\/fr\/wp-json\/wp\/v2\/comments?post=3563"}],"version-history":[{"count":0,"href":"https:\/\/staging.ordemdosfisioterapeutas.pt\/fr\/wp-json\/wp\/v2\/posts\/3563\/revisions"}],"wp:featuredmedia":[{"embeddable":true,"href":"https:\/\/staging.ordemdosfisioterapeutas.pt\/fr\/wp-json\/wp\/v2\/media\/3564"}],"wp:attachment":[{"href":"https:\/\/staging.ordemdosfisioterapeutas.pt\/fr\/wp-json\/wp\/v2\/media?parent=3563"}],"wp:term":[{"taxonomy":"category","embeddable":true,"href":"https:\/\/staging.ordemdosfisioterapeutas.pt\/fr\/wp-json\/wp\/v2\/categories?post=3563"},{"taxonomy":"post_tag","embeddable":true,"href":"https:\/\/staging.ordemdosfisioterapeutas.pt\/fr\/wp-json\/wp\/v2\/tags?post=3563"}],"curies":[{"name":"wp","href":"https:\/\/api.w.org\/{rel}","templated":true}]}}