{"id":3585,"date":"2021-12-11T09:57:18","date_gmt":"2021-12-11T09:57:18","guid":{"rendered":"https:\/\/staging.ordemdosfisioterapeutas.pt\/?p=3585"},"modified":"2021-12-11T09:58:27","modified_gmt":"2021-12-11T09:58:27","slug":"feliz-natal-um-excelente-2022","status":"publish","type":"post","link":"https:\/\/staging.ordemdosfisioterapeutas.pt\/fr\/noticias\/feliz-natal-um-excelente-2022\/","title":{"rendered":"JOYEUX NO\u00cbL ET BONNE ANN\u00c9E 2022"},"content":{"rendered":"<div data-elementor-type=\"wp-post\" data-elementor-id=\"3585\" class=\"elementor elementor-3585\" data-elementor-post-type=\"post\">\n\t\t\t\t\t\t<section class=\"elementor-section elementor-top-section elementor-element elementor-element-c4f7e47 elementor-section-boxed elementor-section-height-default elementor-section-height-default\" data-id=\"c4f7e47\" data-element_type=\"section\" data-e-type=\"section\">\n\t\t\t\t\t\t<div class=\"elementor-container elementor-column-gap-default\">\n\t\t\t\t\t<div class=\"elementor-column elementor-col-100 elementor-top-column elementor-element elementor-element-c91b52e\" data-id=\"c91b52e\" data-element_type=\"column\" data-e-type=\"column\">\n\t\t\t<div class=\"elementor-widget-wrap elementor-element-populated\">\n\t\t\t\t\t\t<div class=\"elementor-element elementor-element-c300519 elementor-widget elementor-widget-text-editor\" data-id=\"c300519\" data-element_type=\"widget\" data-e-type=\"widget\" data-widget_type=\"text-editor.default\">\n\t\t\t\t<div class=\"elementor-widget-container\">\n\t\t\t\t\t\t\t\t\t<p>Au terme d'un cycle tr\u00e8s exigeant, avec des objectifs atteints et une grande fiert\u00e9 du travail accompli, le Comit\u00e9 d'installation de l'Ordre des kin\u00e9sith\u00e9rapeutes, dans l'esprit de No\u00ebl, souhaite \u00e0 toute la \"famille\" de la kin\u00e9sith\u00e9rapie un joyeux No\u00ebl, une nouvelle ann\u00e9e pleine de succ\u00e8s et la r\u00e9alisation de r\u00eaves plus nombreux et plus grands !<\/p>\t\t\t\t\t\t\t\t<\/div>\n\t\t\t\t<\/div>\n\t\t\t\t\t<\/div>\n\t\t<\/div>\n\t\t\t\t\t<\/div>\n\t\t<\/section>\n\t\t\t\t<\/div>","protected":false},"excerpt":{"rendered":"<p>Au terme d'un cycle tr\u00e8s stimulant, d'objectifs atteints et avec une grande fiert\u00e9 pour le travail accompli, la Commission d'Installation de l'Ordre des Physioth\u00e9rapeutes Portugais, dans l'esprit de No\u00ebl, souhaite \u00e0 toute la \"famille\" de la physioth\u00e9rapie un Joyeux No\u00ebl, une Nouvelle Ann\u00e9e pleine de succ\u00e8s et la r\u00e9alisation de r\u00eaves plus nombreux et plus grands !<\/p>","protected":false},"author":1,"featured_media":3586,"comment_status":"closed","ping_status":"open","sticky":false,"template":"","format":"standard","meta":{"footnotes":""},"categories":[13],"tags":[],"class_list":["post-3585","post","type-post","status-publish","format-standard","has-post-thumbnail","hentry","category-noticias"],"_links":{"self":[{"href":"https:\/\/staging.ordemdosfisioterapeutas.pt\/fr\/wp-json\/wp\/v2\/posts\/3585","targetHints":{"allow":["GET"]}}],"collection":[{"href":"https:\/\/staging.ordemdosfisioterapeutas.pt\/fr\/wp-json\/wp\/v2\/posts"}],"about":[{"href":"https:\/\/staging.ordemdosfisioterapeutas.pt\/fr\/wp-json\/wp\/v2\/types\/post"}],"author":[{"embeddable":true,"href":"https:\/\/staging.ordemdosfisioterapeutas.pt\/fr\/wp-json\/wp\/v2\/users\/1"}],"replies":[{"embeddable":true,"href":"https:\/\/staging.ordemdosfisioterapeutas.pt\/fr\/wp-json\/wp\/v2\/comments?post=3585"}],"version-history":[{"count":0,"href":"https:\/\/staging.ordemdosfisioterapeutas.pt\/fr\/wp-json\/wp\/v2\/posts\/3585\/revisions"}],"wp:featuredmedia":[{"embeddable":true,"href":"https:\/\/staging.ordemdosfisioterapeutas.pt\/fr\/wp-json\/wp\/v2\/media\/3586"}],"wp:attachment":[{"href":"https:\/\/staging.ordemdosfisioterapeutas.pt\/fr\/wp-json\/wp\/v2\/media?parent=3585"}],"wp:term":[{"taxonomy":"category","embeddable":true,"href":"https:\/\/staging.ordemdosfisioterapeutas.pt\/fr\/wp-json\/wp\/v2\/categories?post=3585"},{"taxonomy":"post_tag","embeddable":true,"href":"https:\/\/staging.ordemdosfisioterapeutas.pt\/fr\/wp-json\/wp\/v2\/tags?post=3585"}],"curies":[{"name":"wp","href":"https:\/\/api.w.org\/{rel}","templated":true}]}}