{"id":3596,"date":"2021-12-11T20:02:53","date_gmt":"2021-12-11T20:02:53","guid":{"rendered":"https:\/\/staging.ordemdosfisioterapeutas.pt\/?p=3596"},"modified":"2021-12-11T20:40:05","modified_gmt":"2021-12-11T20:40:05","slug":"tomada-de-posse-os-novos-orgaos-estatutarios-para-o-quadrienio-2021-2024","status":"publish","type":"post","link":"https:\/\/staging.ordemdosfisioterapeutas.pt\/fr\/noticias\/tomada-de-posse-os-novos-orgaos-estatutarios-para-o-quadrienio-2021-2024\/","title":{"rendered":"Prestation de serment - les nouveaux organes statutaires pour le mandat de quatre ans 2021-2024"},"content":{"rendered":"<div data-elementor-type=\"wp-post\" data-elementor-id=\"3596\" class=\"elementor elementor-3596\" data-elementor-post-type=\"post\">\n\t\t\t\t\t\t<section class=\"elementor-section elementor-top-section elementor-element elementor-element-ae77f45 elementor-section-boxed elementor-section-height-default elementor-section-height-default\" data-id=\"ae77f45\" data-element_type=\"section\" data-e-type=\"section\">\n\t\t\t\t\t\t<div class=\"elementor-container elementor-column-gap-default\">\n\t\t\t\t\t<div class=\"elementor-column elementor-col-100 elementor-top-column elementor-element elementor-element-afd3f35\" data-id=\"afd3f35\" data-element_type=\"column\" data-e-type=\"column\">\n\t\t\t<div class=\"elementor-widget-wrap elementor-element-populated\">\n\t\t\t\t\t\t<div class=\"elementor-element elementor-element-a284734 elementor-widget elementor-widget-text-editor\" data-id=\"a284734\" data-element_type=\"widget\" data-e-type=\"widget\" data-widget_type=\"text-editor.default\">\n\t\t\t\t<div class=\"elementor-widget-container\">\n\t\t\t\t\t\t\t\t\t<p>La c\u00e9r\u00e9monie officielle de prestation de serment des premiers organes statutaires de l'Ordre des physioth\u00e9rapeutes aura lieu mardi prochain, 14 d\u00e9cembre, \u00e0 16h30 dans l'auditorium de l'Ordre des experts-comptables \u00e0 Lisbonne.<\/p><p>Apr\u00e8s avoir remport\u00e9 les premi\u00e8res \u00e9lections avec 64,31% des voix, le physioth\u00e9rapeute Ant\u00f3nio Manuel Fernandes Lopes sera le pr\u00e9sident de l'Ordre des physioth\u00e9rapeutes pour la p\u00e9riode de quatre ans 2021-2024.<\/p><p>La liste unique, conduite par le physioth\u00e9rapeute Rui Costa pour le Conseil g\u00e9n\u00e9ral, a obtenu 81.23% des voix. La liste A, conduite par la physioth\u00e9rapeute Isabel Souza Guerra, a \u00e9t\u00e9 \u00e9lue au Conseil juridictionnel avec 75 98%.<\/p><p>La c\u00e9r\u00e9monie de prestation de serment des organes statutaires se d\u00e9roulera en pr\u00e9sence d'une centaine d'invit\u00e9s, dont le secr\u00e9taire d'\u00c9tat adjoint \u00e0 la sant\u00e9, le Dr Ant\u00f3nio Lacerda Sales, le pr\u00e9sident de l'ACSS, le Dr V\u00edtor Herdeiro, le pr\u00e9sident du Conseil national des ordres professionnels (CNOP), Carlos Mineiro Alves, et des repr\u00e9sentants des partenaires sociaux et des associations professionnelles.<\/p><p>L'\u00e9v\u00e9nement sera bient\u00f4t accessible \u00e0 tous en streaming.\u00a0<span style=\"text-decoration: underline;\"><a href=\"https:\/\/staging.ordemdosfisioterapeutas.pt\/fr\/eleicoes\/tomada-de-posse\/\"> Cliquez sur<\/a><a href=\"https:\/\/staging.ordemdosfisioterapeutas.pt\/fr\/eleicoes\/tomada-de-posse\/\"> ici<\/a><\/span><\/p>\t\t\t\t\t\t\t\t<\/div>\n\t\t\t\t<\/div>\n\t\t\t\t\t<\/div>\n\t\t<\/div>\n\t\t\t\t\t<\/div>\n\t\t<\/section>\n\t\t\t\t<\/div>","protected":false},"excerpt":{"rendered":"<p>La c\u00e9r\u00e9monie officielle d'inauguration des premiers organes statutaires de l'Ordre des kin\u00e9sith\u00e9rapeutes aura lieu mardi prochain, 14 d\u00e9cembre, \u00e0 16h30 dans l'Auditorium de l'Ordem dos Contabilistas Certificados, \u00e0 Lisbonne.<\/p>","protected":false},"author":1,"featured_media":3605,"comment_status":"closed","ping_status":"open","sticky":false,"template":"","format":"standard","meta":{"footnotes":""},"categories":[13],"tags":[],"class_list":["post-3596","post","type-post","status-publish","format-standard","has-post-thumbnail","hentry","category-noticias"],"_links":{"self":[{"href":"https:\/\/staging.ordemdosfisioterapeutas.pt\/fr\/wp-json\/wp\/v2\/posts\/3596","targetHints":{"allow":["GET"]}}],"collection":[{"href":"https:\/\/staging.ordemdosfisioterapeutas.pt\/fr\/wp-json\/wp\/v2\/posts"}],"about":[{"href":"https:\/\/staging.ordemdosfisioterapeutas.pt\/fr\/wp-json\/wp\/v2\/types\/post"}],"author":[{"embeddable":true,"href":"https:\/\/staging.ordemdosfisioterapeutas.pt\/fr\/wp-json\/wp\/v2\/users\/1"}],"replies":[{"embeddable":true,"href":"https:\/\/staging.ordemdosfisioterapeutas.pt\/fr\/wp-json\/wp\/v2\/comments?post=3596"}],"version-history":[{"count":0,"href":"https:\/\/staging.ordemdosfisioterapeutas.pt\/fr\/wp-json\/wp\/v2\/posts\/3596\/revisions"}],"wp:featuredmedia":[{"embeddable":true,"href":"https:\/\/staging.ordemdosfisioterapeutas.pt\/fr\/wp-json\/wp\/v2\/media\/3605"}],"wp:attachment":[{"href":"https:\/\/staging.ordemdosfisioterapeutas.pt\/fr\/wp-json\/wp\/v2\/media?parent=3596"}],"wp:term":[{"taxonomy":"category","embeddable":true,"href":"https:\/\/staging.ordemdosfisioterapeutas.pt\/fr\/wp-json\/wp\/v2\/categories?post=3596"},{"taxonomy":"post_tag","embeddable":true,"href":"https:\/\/staging.ordemdosfisioterapeutas.pt\/fr\/wp-json\/wp\/v2\/tags?post=3596"}],"curies":[{"name":"wp","href":"https:\/\/api.w.org\/{rel}","templated":true}]}}