{"id":3696,"date":"2021-12-18T09:29:28","date_gmt":"2021-12-18T09:29:28","guid":{"rendered":"https:\/\/staging.ordemdosfisioterapeutas.pt\/?p=3696"},"modified":"2021-12-18T09:31:41","modified_gmt":"2021-12-18T09:31:41","slug":"cerimonia-oficial-da-tomada-de-posse","status":"publish","type":"post","link":"https:\/\/staging.ordemdosfisioterapeutas.pt\/fr\/noticias\/cerimonia-oficial-da-tomada-de-posse\/","title":{"rendered":"C\u00e9r\u00e9monie officielle d'inauguration"},"content":{"rendered":"<div data-elementor-type=\"wp-post\" data-elementor-id=\"3696\" class=\"elementor elementor-3696\" data-elementor-post-type=\"post\">\n\t\t\t\t\t\t<section class=\"elementor-section elementor-top-section elementor-element elementor-element-f00b46c elementor-section-boxed elementor-section-height-default elementor-section-height-default\" data-id=\"f00b46c\" data-element_type=\"section\" data-e-type=\"section\">\n\t\t\t\t\t\t<div class=\"elementor-container elementor-column-gap-default\">\n\t\t\t\t\t<div class=\"elementor-column elementor-col-100 elementor-top-column elementor-element elementor-element-2e39700\" data-id=\"2e39700\" data-element_type=\"column\" data-e-type=\"column\">\n\t\t\t<div class=\"elementor-widget-wrap elementor-element-populated\">\n\t\t\t\t\t\t<div class=\"elementor-element elementor-element-37e95bd elementor-widget elementor-widget-text-editor\" data-id=\"37e95bd\" data-element_type=\"widget\" data-e-type=\"widget\" data-widget_type=\"text-editor.default\">\n\t\t\t\t<div class=\"elementor-widget-container\">\n\t\t\t\t\t\t\t\t\t<p>Le 14 d\u00e9cembre 2021, la c\u00e9r\u00e9monie officielle d'inauguration des premiers organes statutaires de l'Ordre des physioth\u00e9rapeutes a eu lieu dans l'auditorium de l'Ordem dos Contabilistas Certificados, \u00e0 Lisbonne.<br \/><br \/>Cette c\u00e9r\u00e9monie s'est d\u00e9roul\u00e9e en pr\u00e9sence d'une centaine d'invit\u00e9s, dont le secr\u00e9taire d'\u00c9tat adjoint \u00e0 la sant\u00e9, Ant\u00f3nio Lacerda Sales, le pr\u00e9sident de l'ACSS, V\u00edtor Herdeiro, le pr\u00e9sident du Conseil national des ordres professionnels (CNOP), Carlos Mineiro Aires, des repr\u00e9sentants des partenaires sociaux et des associations professionnelles, ainsi que des physioth\u00e9rapeutes, qui ont honor\u00e9 de leur pr\u00e9sence ce moment historique.<br \/><br \/>La pr\u00e9sidente de la Commission d'installation (CI) de l'Ordre des kin\u00e9sith\u00e9rapeutes (Ordre), Isabel de Souza Guerra, a ouvert la s\u00e9ance en remerciant et en saluant toutes les personnes pr\u00e9sentes, en particulier le pr\u00e9sident de l'Ordre des experts-comptables, pour la mise \u00e0 disposition de l'excellent auditorium pour cet \u00e9v\u00e9nement.<br \/>Elle a remerci\u00e9 l'excellente \u00e9quipe qui a travaill\u00e9 avec elle en tant que comit\u00e9 d'installation pour leur travail, qui a jet\u00e9 des bases solides et s\u00fbres pour l'avenir de l'organisation, qu'elle esp\u00e8re forte et innovante et qui repr\u00e9sente la profession et tous les physioth\u00e9rapeutes avec dignit\u00e9.<br \/>Il a pr\u00e9sent\u00e9 l'ensemble du travail r\u00e9alis\u00e9 par l'IC, en particulier les processus d'inscription et d'\u00e9lection, l'accueil des \u00e9lus et la prestation de serment des 50 membres du Conseil g\u00e9n\u00e9ral, en la personne du pr\u00e9sident du Conseil g\u00e9n\u00e9ral, Rui Jorge Dias Costa.<br \/><br \/>Maria da Concei\u00e7\u00e3o Bettencourt, membre du CI de l'Ordre des avocats portugais, a annonc\u00e9 qu'elle s'engageait \u00e0 honorer et \u00e0 signer le formulaire d'acceptation du Conseil juridictionnel, en la personne de sa pr\u00e9sidente, Isabel de Souza Guerra, en identifiant les 4 autres membres de l'organe.<br \/>Le Pr\u00e9sident du CI de l'Ordre a \u00e9galement annonc\u00e9 la promesse d'honneur et la signature de l'instrument d'investiture du Pr\u00e9sident, Ant\u00f3nio Manuel Fernandes Lopes, et lui a donn\u00e9 la parole pour son discours inaugural.<\/p><p><br \/>Le premier pr\u00e9sident de l'Ordre des kin\u00e9sith\u00e9rapeutes a prononc\u00e9 quelques mots, remerci\u00e9 tous ceux qui l'ont accompagn\u00e9 dans son parcours personnel et professionnel, en particulier sa famille, et trac\u00e9 les lignes directrices du mandat qu'il se propose d'exercer.<br \/>Son discours a mis en exergue quelques th\u00e8mes cl\u00e9s pour la d\u00e9fense du citoyen, qu'il s'efforcera de mettre en \u0153uvre, comme la possibilit\u00e9 pour les kin\u00e9sith\u00e9rapeutes d'orienter les utilisateurs vers d'autres professionnels de la sant\u00e9 ou vers \"un kin\u00e9sith\u00e9rapeute plus qualifi\u00e9 lorsque la situation le justifie\", soulignant m\u00eame que \"nous avons d\u00e9j\u00e0 de nombreux exemples de bonnes pratiques dans ce domaine dans notre pays, qu'il nous faudra valoriser et diffuser\".<br \/><br \/>Ant\u00f3nio Manuel Fernandes Lopes soutient que les conditions doivent \u00eatre cr\u00e9\u00e9es pour que les physioth\u00e9rapeutes d\u00e9finissent la meilleure fa\u00e7on d'allouer les ressources en fonction des besoins des utilisateurs dans une perspective int\u00e9gr\u00e9e et de continuit\u00e9 des soins, soutenue par une d\u00e9monstration des r\u00e9sultats de leur intervention, soutenue par des \u00e9tudes co\u00fbt-b\u00e9n\u00e9fice et une \u00e9valuation des niveaux de satisfaction par les citoyens eux-m\u00eames.<br \/><br \/>Il a \u00e9galement soulign\u00e9 que les physioth\u00e9rapeutes sont des professionnels de choix pour r\u00e9soudre les probl\u00e8mes li\u00e9s au syst\u00e8me de mouvement et \u00e0 la fonctionnalit\u00e9, et qu'ils contribuent ainsi \u00e0 r\u00e9duire les co\u00fbts de sant\u00e9 et l'impact \u00e9conomique et social de la maladie. Pour le pr\u00e9sident, \"il est imp\u00e9ratif d'agir de mani\u00e8re pr\u00e9ventive\".<br \/>La c\u00e9r\u00e9monie s'est achev\u00e9e par la pr\u00e9sence et le discours du secr\u00e9taire d'\u00c9tat adjoint \u00e0 la sant\u00e9, le Dr Ant\u00f3nio Lacerda Sales, repr\u00e9sentant le Dr Marta Temido, ministre de la sant\u00e9.<br \/><br \/>Dans son discours, il a soulign\u00e9 la contribution de l'Ordre \u00e0 \"la fourniture de soins de physioth\u00e9rapie de qualit\u00e9, de s\u00e9curit\u00e9 et de bons r\u00e9sultats par des professionnels certifi\u00e9s et comp\u00e9tents\". \"Sa priorit\u00e9 doit en effet \u00eatre de d\u00e9fendre les droits fondamentaux des citoyens et de sauvegarder l'int\u00e9r\u00eat public en r\u00e9sistant aux tentations de syndicalisation des entreprises. Le nouvel ordre est d'autant plus important que la physioth\u00e9rapie est l'une des professions les plus repr\u00e9sent\u00e9es dans le secteur des soins de sant\u00e9, avec plus de 14 000 professionnels au Portugal, a-t-il soulign\u00e9 dans son discours.<br \/><br \/>L'\u00e9v\u00e9nement s'est termin\u00e9 par un bref moment de fraternisation accompagn\u00e9 d'un cocktail d'honneur.<br \/><br \/>Suivez l'\u00e9v\u00e9nement dans la galerie photo\u00a0<span style=\"text-decoration: underline;\"><a href=\"https:\/\/staging.ordemdosfisioterapeutas.pt\/fr\/eleicoes\/tomada-de-posse\/\">ici<\/a><\/span><br \/><br \/>Vous pouvez \u00e9galement visionner ou revoir le film de l'\u00e9v\u00e9nement\u00a0<a href=\"https:\/\/youtu.be\/DgCcsAbiroA\"><span style=\"text-decoration: underline;\">ici<\/span>\u00a0<\/a><\/p>\t\t\t\t\t\t\t\t<\/div>\n\t\t\t\t<\/div>\n\t\t\t\t\t<\/div>\n\t\t<\/div>\n\t\t\t\t\t<\/div>\n\t\t<\/section>\n\t\t\t\t<\/div>","protected":false},"excerpt":{"rendered":"<p>Le 14 d\u00e9cembre 2021, la c\u00e9r\u00e9monie officielle d'inauguration des premiers organes statutaires de l'Ordre des physioth\u00e9rapeutes a eu lieu dans l'auditorium de l'Ordem dos Contabilistas Certificados, \u00e0 Lisbonne.<\/p>","protected":false},"author":1,"featured_media":3697,"comment_status":"closed","ping_status":"open","sticky":false,"template":"","format":"standard","meta":{"footnotes":""},"categories":[13],"tags":[],"class_list":["post-3696","post","type-post","status-publish","format-standard","has-post-thumbnail","hentry","category-noticias"],"_links":{"self":[{"href":"https:\/\/staging.ordemdosfisioterapeutas.pt\/fr\/wp-json\/wp\/v2\/posts\/3696","targetHints":{"allow":["GET"]}}],"collection":[{"href":"https:\/\/staging.ordemdosfisioterapeutas.pt\/fr\/wp-json\/wp\/v2\/posts"}],"about":[{"href":"https:\/\/staging.ordemdosfisioterapeutas.pt\/fr\/wp-json\/wp\/v2\/types\/post"}],"author":[{"embeddable":true,"href":"https:\/\/staging.ordemdosfisioterapeutas.pt\/fr\/wp-json\/wp\/v2\/users\/1"}],"replies":[{"embeddable":true,"href":"https:\/\/staging.ordemdosfisioterapeutas.pt\/fr\/wp-json\/wp\/v2\/comments?post=3696"}],"version-history":[{"count":0,"href":"https:\/\/staging.ordemdosfisioterapeutas.pt\/fr\/wp-json\/wp\/v2\/posts\/3696\/revisions"}],"wp:featuredmedia":[{"embeddable":true,"href":"https:\/\/staging.ordemdosfisioterapeutas.pt\/fr\/wp-json\/wp\/v2\/media\/3697"}],"wp:attachment":[{"href":"https:\/\/staging.ordemdosfisioterapeutas.pt\/fr\/wp-json\/wp\/v2\/media?parent=3696"}],"wp:term":[{"taxonomy":"category","embeddable":true,"href":"https:\/\/staging.ordemdosfisioterapeutas.pt\/fr\/wp-json\/wp\/v2\/categories?post=3696"},{"taxonomy":"post_tag","embeddable":true,"href":"https:\/\/staging.ordemdosfisioterapeutas.pt\/fr\/wp-json\/wp\/v2\/tags?post=3696"}],"curies":[{"name":"wp","href":"https:\/\/api.w.org\/{rel}","templated":true}]}}