{"id":3726,"date":"2021-12-22T19:17:49","date_gmt":"2021-12-22T19:17:49","guid":{"rendered":"https:\/\/staging.ordemdosfisioterapeutas.pt\/?p=3726"},"modified":"2021-12-22T19:19:02","modified_gmt":"2021-12-22T19:19:02","slug":"emissao-de-cedula-informacao-aos-membros-da-ordem","status":"publish","type":"post","link":"https:\/\/staging.ordemdosfisioterapeutas.pt\/fr\/noticias\/emissao-de-cedula-informacao-aos-membros-da-ordem\/","title":{"rendered":"Emission de la C\u00e9dula - Information aux membres de l'Ordre"},"content":{"rendered":"<div data-elementor-type=\"wp-post\" data-elementor-id=\"3726\" class=\"elementor elementor-3726\" data-elementor-post-type=\"post\">\n\t\t\t\t\t\t<section class=\"elementor-section elementor-top-section elementor-element elementor-element-57869aa elementor-section-boxed elementor-section-height-default elementor-section-height-default\" data-id=\"57869aa\" data-element_type=\"section\" data-e-type=\"section\">\n\t\t\t\t\t\t<div class=\"elementor-container elementor-column-gap-default\">\n\t\t\t\t\t<div class=\"elementor-column elementor-col-100 elementor-top-column elementor-element elementor-element-c447caa\" data-id=\"c447caa\" data-element_type=\"column\" data-e-type=\"column\">\n\t\t\t<div class=\"elementor-widget-wrap elementor-element-populated\">\n\t\t\t\t\t\t<div class=\"elementor-element elementor-element-efec82f elementor-widget elementor-widget-text-editor\" data-id=\"efec82f\" data-element_type=\"widget\" data-e-type=\"widget\" data-widget_type=\"text-editor.default\">\n\t\t\t\t<div class=\"elementor-widget-container\">\n\t\t\t\t\t\t\t\t\t<p>Compte tenu du retard dans l'envoi des c\u00e9dules et des vignettes d'identification, l'Ordre des kin\u00e9sith\u00e9rapeutes fait le point afin de clarifier la situation pour ses membres inscrits :<\/p><p>Nous tenons \u00e0 vous informer que le processus de consultation de divers organismes, le respect des exigences en mati\u00e8re de march\u00e9s publics et, surtout, la recherche d'une entreprise qui prendra en charge l'ensemble du processus \u00e0 un co\u00fbt acceptable, se sont av\u00e9r\u00e9s difficiles. La Commission d'installation ayant achev\u00e9 son mandat, c'est le Conseil \u00e9lu de l'Ordre qui reprendra ces n\u00e9gociations, en s'informant au pr\u00e9alable des efforts d\u00e9j\u00e0 accomplis.<\/p><p>Ainsi, les d\u00e9clarations d'inscription \u00e0 l'Ordre, qui remplacent temporairement la carte professionnelle, seront renouvel\u00e9es. Ce document attestant du renouvellement vous sera envoy\u00e9 prochainement par courrier \u00e9lectronique. Ainsi, votre demande d'inscription restera effective.<\/p><p>Nous remercions tout le monde pour sa compr\u00e9hension et l'Ordre des kin\u00e9sith\u00e9rapeutes se tient \u00e0 votre disposition pour tout \u00e9claircissement.<\/p>\t\t\t\t\t\t\t\t<\/div>\n\t\t\t\t<\/div>\n\t\t\t\t\t<\/div>\n\t\t<\/div>\n\t\t\t\t\t<\/div>\n\t\t<\/section>\n\t\t\t\t<\/div>","protected":false},"excerpt":{"rendered":"<p>En raison du retard dans l'envoi de la c\u00e9dula et des vignettes d'identification, l'Ordre des kin\u00e9sith\u00e9rapeutes signale la situation pour la clarification de ses membres inscrits.<\/p>","protected":false},"author":1,"featured_media":3727,"comment_status":"closed","ping_status":"open","sticky":false,"template":"","format":"standard","meta":{"footnotes":""},"categories":[13],"tags":[],"class_list":["post-3726","post","type-post","status-publish","format-standard","has-post-thumbnail","hentry","category-noticias"],"_links":{"self":[{"href":"https:\/\/staging.ordemdosfisioterapeutas.pt\/fr\/wp-json\/wp\/v2\/posts\/3726","targetHints":{"allow":["GET"]}}],"collection":[{"href":"https:\/\/staging.ordemdosfisioterapeutas.pt\/fr\/wp-json\/wp\/v2\/posts"}],"about":[{"href":"https:\/\/staging.ordemdosfisioterapeutas.pt\/fr\/wp-json\/wp\/v2\/types\/post"}],"author":[{"embeddable":true,"href":"https:\/\/staging.ordemdosfisioterapeutas.pt\/fr\/wp-json\/wp\/v2\/users\/1"}],"replies":[{"embeddable":true,"href":"https:\/\/staging.ordemdosfisioterapeutas.pt\/fr\/wp-json\/wp\/v2\/comments?post=3726"}],"version-history":[{"count":0,"href":"https:\/\/staging.ordemdosfisioterapeutas.pt\/fr\/wp-json\/wp\/v2\/posts\/3726\/revisions"}],"wp:featuredmedia":[{"embeddable":true,"href":"https:\/\/staging.ordemdosfisioterapeutas.pt\/fr\/wp-json\/wp\/v2\/media\/3727"}],"wp:attachment":[{"href":"https:\/\/staging.ordemdosfisioterapeutas.pt\/fr\/wp-json\/wp\/v2\/media?parent=3726"}],"wp:term":[{"taxonomy":"category","embeddable":true,"href":"https:\/\/staging.ordemdosfisioterapeutas.pt\/fr\/wp-json\/wp\/v2\/categories?post=3726"},{"taxonomy":"post_tag","embeddable":true,"href":"https:\/\/staging.ordemdosfisioterapeutas.pt\/fr\/wp-json\/wp\/v2\/tags?post=3726"}],"curies":[{"name":"wp","href":"https:\/\/api.w.org\/{rel}","templated":true}]}}