{"id":4044,"date":"2022-03-06T16:07:05","date_gmt":"2022-03-06T16:07:05","guid":{"rendered":"https:\/\/staging.ordemdosfisioterapeutas.pt\/?p=4044"},"modified":"2022-03-06T16:08:05","modified_gmt":"2022-03-06T16:08:05","slug":"tomada-de-posse-ordem-dos-engenheiros-tecnicos","status":"publish","type":"post","link":"https:\/\/staging.ordemdosfisioterapeutas.pt\/fr\/noticias\/tomada-de-posse-ordem-dos-engenheiros-tecnicos\/","title":{"rendered":"Investiture - Ordre des ing\u00e9nieurs techniques"},"content":{"rendered":"<div data-elementor-type=\"wp-post\" data-elementor-id=\"4044\" class=\"elementor elementor-4044\" data-elementor-post-type=\"post\">\n\t\t\t\t\t\t<section class=\"elementor-section elementor-top-section elementor-element elementor-element-db5116e elementor-section-boxed elementor-section-height-default elementor-section-height-default\" data-id=\"db5116e\" data-element_type=\"section\" data-e-type=\"section\">\n\t\t\t\t\t\t<div class=\"elementor-container elementor-column-gap-default\">\n\t\t\t\t\t<div class=\"elementor-column elementor-col-100 elementor-top-column elementor-element elementor-element-506b786\" data-id=\"506b786\" data-element_type=\"column\" data-e-type=\"column\">\n\t\t\t<div class=\"elementor-widget-wrap elementor-element-populated\">\n\t\t\t\t\t\t<div class=\"elementor-element elementor-element-5132b9b elementor-widget elementor-widget-text-editor\" data-id=\"5132b9b\" data-element_type=\"widget\" data-e-type=\"widget\" data-widget_type=\"text-editor.default\">\n\t\t\t\t<div class=\"elementor-widget-container\">\n\t\t\t\t\t\t\t\t\t<p>Le pr\u00e9sident de l'Ordre des physioth\u00e9rapeutes portugais, Ant\u00f3nio Lopes, \u00e9tait pr\u00e9sent \u00e0 la c\u00e9r\u00e9monie d'inauguration des organes nationaux, r\u00e9gionaux et de direction des coll\u00e8ges de sp\u00e9cialit\u00e9s de l'Ordre des ing\u00e9nieurs techniques, le 13 janvier.\u00a0<\/p><p>L'Ordre des physioth\u00e9rapeutes f\u00e9licite les organes \u00e9lus de l'OET et leur souhaite un mandat fructueux.<\/p><p>Sur la photo : le pr\u00e9sident de l'Ordre des ing\u00e9nieurs, Carlos Mineiro Aires, le pr\u00e9sident de l'Ordre des experts-comptables, Paula Franco, le pr\u00e9sident de l'Ordre des ing\u00e9nieurs techniques, Augusto Ferreira Guedes, le pr\u00e9sident de l'Ordre des \u00e9conomistes, Ant\u00f3nio Mendon\u00e7a, le vice-pr\u00e9sident de l'Ordre des avocats, Pedro Tenreiro Biscaia, le pr\u00e9sident de l'Ordre des kin\u00e9sith\u00e9rapeutes, Ant\u00f3nio Lopes, Jo\u00e3o Pedro Amorim repr\u00e9sentant l'Ordre des avocats et des huissiers de justice.<\/p>\t\t\t\t\t\t\t\t<\/div>\n\t\t\t\t<\/div>\n\t\t\t\t\t<\/div>\n\t\t<\/div>\n\t\t\t\t\t<\/div>\n\t\t<\/section>\n\t\t\t\t<\/div>","protected":false},"excerpt":{"rendered":"<p>Le pr\u00e9sident de l'Ordre des physioth\u00e9rapeutes portugais, Ant\u00f3nio Lopes, \u00e9tait pr\u00e9sent \u00e0 la c\u00e9r\u00e9monie d'inauguration des organes nationaux, r\u00e9gionaux et de direction des coll\u00e8ges de sp\u00e9cialit\u00e9s de l'Ordre des ing\u00e9nieurs techniques, le 13 janvier.<\/p>","protected":false},"author":1,"featured_media":4046,"comment_status":"closed","ping_status":"open","sticky":false,"template":"","format":"standard","meta":{"footnotes":""},"categories":[13],"tags":[],"class_list":["post-4044","post","type-post","status-publish","format-standard","has-post-thumbnail","hentry","category-noticias"],"_links":{"self":[{"href":"https:\/\/staging.ordemdosfisioterapeutas.pt\/fr\/wp-json\/wp\/v2\/posts\/4044","targetHints":{"allow":["GET"]}}],"collection":[{"href":"https:\/\/staging.ordemdosfisioterapeutas.pt\/fr\/wp-json\/wp\/v2\/posts"}],"about":[{"href":"https:\/\/staging.ordemdosfisioterapeutas.pt\/fr\/wp-json\/wp\/v2\/types\/post"}],"author":[{"embeddable":true,"href":"https:\/\/staging.ordemdosfisioterapeutas.pt\/fr\/wp-json\/wp\/v2\/users\/1"}],"replies":[{"embeddable":true,"href":"https:\/\/staging.ordemdosfisioterapeutas.pt\/fr\/wp-json\/wp\/v2\/comments?post=4044"}],"version-history":[{"count":0,"href":"https:\/\/staging.ordemdosfisioterapeutas.pt\/fr\/wp-json\/wp\/v2\/posts\/4044\/revisions"}],"wp:featuredmedia":[{"embeddable":true,"href":"https:\/\/staging.ordemdosfisioterapeutas.pt\/fr\/wp-json\/wp\/v2\/media\/4046"}],"wp:attachment":[{"href":"https:\/\/staging.ordemdosfisioterapeutas.pt\/fr\/wp-json\/wp\/v2\/media?parent=4044"}],"wp:term":[{"taxonomy":"category","embeddable":true,"href":"https:\/\/staging.ordemdosfisioterapeutas.pt\/fr\/wp-json\/wp\/v2\/categories?post=4044"},{"taxonomy":"post_tag","embeddable":true,"href":"https:\/\/staging.ordemdosfisioterapeutas.pt\/fr\/wp-json\/wp\/v2\/tags?post=4044"}],"curies":[{"name":"wp","href":"https:\/\/api.w.org\/{rel}","templated":true}]}}