{"id":4076,"date":"2022-03-06T16:59:26","date_gmt":"2022-03-06T16:59:26","guid":{"rendered":"https:\/\/staging.ordemdosfisioterapeutas.pt\/?p=4076"},"modified":"2022-03-06T16:59:58","modified_gmt":"2022-03-06T16:59:58","slug":"reuniao-com-a-ordre-des-masseurs-kinesitherapeutes","status":"publish","type":"post","link":"https:\/\/staging.ordemdosfisioterapeutas.pt\/fr\/noticias\/reuniao-com-a-ordre-des-masseurs-kinesitherapeutes\/","title":{"rendered":"Rencontre avec l'Ordre des masseurs-kin\u00e9sith\u00e9rapeutes"},"content":{"rendered":"<div data-elementor-type=\"wp-post\" data-elementor-id=\"4076\" class=\"elementor elementor-4076\" data-elementor-post-type=\"post\">\n\t\t\t\t\t\t<section class=\"elementor-section elementor-top-section elementor-element elementor-element-fcb857a elementor-section-boxed elementor-section-height-default elementor-section-height-default\" data-id=\"fcb857a\" data-element_type=\"section\" data-e-type=\"section\">\n\t\t\t\t\t\t<div class=\"elementor-container elementor-column-gap-default\">\n\t\t\t\t\t<div class=\"elementor-column elementor-col-100 elementor-top-column elementor-element elementor-element-49f5d8c\" data-id=\"49f5d8c\" data-element_type=\"column\" data-e-type=\"column\">\n\t\t\t<div class=\"elementor-widget-wrap elementor-element-populated\">\n\t\t\t\t\t\t<div class=\"elementor-element elementor-element-31543b0 elementor-widget elementor-widget-text-editor\" data-id=\"31543b0\" data-element_type=\"widget\" data-e-type=\"widget\" data-widget_type=\"text-editor.default\">\n\t\t\t\t<div class=\"elementor-widget-container\">\n\t\t\t\t\t\t\t\t\t<p>L'Ordre des kin\u00e9sith\u00e9rapeutes a rencontr\u00e9 l'Ordre des masseurs-kin\u00e9sith\u00e9rapeutes qui, dans le cadre de la pr\u00e9sidence tournante de la Communaut\u00e9 europ\u00e9enne, a souhait\u00e9 entendre ses homologues des autres Etats membres sur la cr\u00e9ation d'un cadre commun de formation pour les kin\u00e9sith\u00e9rapeutes.<\/p><p>Ce cadre permettra une harmonisation minimale essentielle, qui facilitera grandement la reconnaissance des qualifications lorsqu'un professionnel souhaite exercer dans un autre \u00c9tat membre, en \u00e9vitant, par exemple, d'avoir \u00e0 prendre des mesures de compensation pour \u00eatre autoris\u00e9 \u00e0 exercer dans ce pays.<\/p><p>Actuellement, le processus de mobilit\u00e9 des kin\u00e9sith\u00e9rapeutes, m\u00eame dans le cadre de la carte professionnelle europ\u00e9enne, est d\u00e9cid\u00e9 au cas par cas en fonction de la formation du candidat \u00e0 la mobilit\u00e9, \u00e9tant donn\u00e9 que la formation diff\u00e8re d'un pays \u00e0 l'autre, voire au sein d'un m\u00eame pays.<\/p><p>L'Ordre des physioth\u00e9rapeutes, en tant qu'autorit\u00e9 comp\u00e9tente pour la reconnaissance des dipl\u00f4mes europ\u00e9ens pour la pratique professionnelle au Portugal, a exprim\u00e9 sa volont\u00e9 de collaborer \u00e0 cette initiative.<\/p>\t\t\t\t\t\t\t\t<\/div>\n\t\t\t\t<\/div>\n\t\t\t\t\t<\/div>\n\t\t<\/div>\n\t\t\t\t\t<\/div>\n\t\t<\/section>\n\t\t\t\t<\/div>","protected":false},"excerpt":{"rendered":"<p>L'Ordre des kin\u00e9sith\u00e9rapeutes a rencontr\u00e9 l'Ordre des masseurs-kin\u00e9sith\u00e9rapeutes qui, dans le cadre de la pr\u00e9sidence tournante de la Communaut\u00e9 europ\u00e9enne, a souhait\u00e9 entendre ses homologues des autres Etats membres sur la cr\u00e9ation d'un cadre commun de formation pour les kin\u00e9sith\u00e9rapeutes.<\/p>","protected":false},"author":1,"featured_media":4077,"comment_status":"closed","ping_status":"open","sticky":false,"template":"","format":"standard","meta":{"footnotes":""},"categories":[13],"tags":[],"class_list":["post-4076","post","type-post","status-publish","format-standard","has-post-thumbnail","hentry","category-noticias"],"_links":{"self":[{"href":"https:\/\/staging.ordemdosfisioterapeutas.pt\/fr\/wp-json\/wp\/v2\/posts\/4076","targetHints":{"allow":["GET"]}}],"collection":[{"href":"https:\/\/staging.ordemdosfisioterapeutas.pt\/fr\/wp-json\/wp\/v2\/posts"}],"about":[{"href":"https:\/\/staging.ordemdosfisioterapeutas.pt\/fr\/wp-json\/wp\/v2\/types\/post"}],"author":[{"embeddable":true,"href":"https:\/\/staging.ordemdosfisioterapeutas.pt\/fr\/wp-json\/wp\/v2\/users\/1"}],"replies":[{"embeddable":true,"href":"https:\/\/staging.ordemdosfisioterapeutas.pt\/fr\/wp-json\/wp\/v2\/comments?post=4076"}],"version-history":[{"count":0,"href":"https:\/\/staging.ordemdosfisioterapeutas.pt\/fr\/wp-json\/wp\/v2\/posts\/4076\/revisions"}],"wp:featuredmedia":[{"embeddable":true,"href":"https:\/\/staging.ordemdosfisioterapeutas.pt\/fr\/wp-json\/wp\/v2\/media\/4077"}],"wp:attachment":[{"href":"https:\/\/staging.ordemdosfisioterapeutas.pt\/fr\/wp-json\/wp\/v2\/media?parent=4076"}],"wp:term":[{"taxonomy":"category","embeddable":true,"href":"https:\/\/staging.ordemdosfisioterapeutas.pt\/fr\/wp-json\/wp\/v2\/categories?post=4076"},{"taxonomy":"post_tag","embeddable":true,"href":"https:\/\/staging.ordemdosfisioterapeutas.pt\/fr\/wp-json\/wp\/v2\/tags?post=4076"}],"curies":[{"name":"wp","href":"https:\/\/api.w.org\/{rel}","templated":true}]}}