{"id":4082,"date":"2022-03-06T17:04:41","date_gmt":"2022-03-06T17:04:41","guid":{"rendered":"https:\/\/staging.ordemdosfisioterapeutas.pt\/?p=4082"},"modified":"2022-03-06T17:05:45","modified_gmt":"2022-03-06T17:05:45","slug":"1o-congresso-do-cancro-da-mama-do-algarve-2022","status":"publish","type":"post","link":"https:\/\/staging.ordemdosfisioterapeutas.pt\/fr\/noticias\/1o-congresso-do-cancro-da-mama-do-algarve-2022\/","title":{"rendered":"1er Congr\u00e8s de l'Algarve sur le cancer du sein 2022"},"content":{"rendered":"<div data-elementor-type=\"wp-post\" data-elementor-id=\"4082\" class=\"elementor elementor-4082\" data-elementor-post-type=\"post\">\n\t\t\t\t\t\t<section class=\"elementor-section elementor-top-section elementor-element elementor-element-adb469e elementor-section-boxed elementor-section-height-default elementor-section-height-default\" data-id=\"adb469e\" data-element_type=\"section\" data-e-type=\"section\">\n\t\t\t\t\t\t<div class=\"elementor-container elementor-column-gap-default\">\n\t\t\t\t\t<div class=\"elementor-column elementor-col-100 elementor-top-column elementor-element elementor-element-cad841f\" data-id=\"cad841f\" data-element_type=\"column\" data-e-type=\"column\">\n\t\t\t<div class=\"elementor-widget-wrap elementor-element-populated\">\n\t\t\t\t\t\t<div class=\"elementor-element elementor-element-7eb89a3 elementor-widget elementor-widget-text-editor\" data-id=\"7eb89a3\" data-element_type=\"widget\" data-e-type=\"widget\" data-widget_type=\"text-editor.default\">\n\t\t\t\t<div class=\"elementor-widget-container\">\n\t\t\t\t\t\t\t\t\t<p>L'Ordre des physioth\u00e9rapeutes a \u00e9t\u00e9 invit\u00e9 \u00e0 participer au Congr\u00e8s de l'Algarve sur le cancer du sein \u00e0 Lagos. En son nom, Ana Gon\u00e7alves, membre du conseil d'administration, a r\u00e9it\u00e9r\u00e9 la volont\u00e9 et l'int\u00e9r\u00eat de l'OF de promouvoir la coordination multidisciplinaire dans le traitement et le r\u00e9tablissement des patients atteints de maladies oncologiques et, \u00e0 cette fin, de contribuer \u00e0 une meilleure connaissance de la sant\u00e9.<\/p><p>Pour en savoir plus sur cet \u00e9v\u00e9nement, cliquez ici :\u00a0<span style=\"text-decoration: underline;\"><a href=\"https:\/\/www.congressodocancrodamamadoalgarve.pt\/?fbclid=IwAR3qT13QdClrbRLjZlK3u8ECOxo8edhr2OxStXYR6wrdcsX01vwVK5aNcQk\" target=\"_blank\" rel=\"noopener\">https:\/\/www.congressodocancrodamamadoalgarve.pt\/<\/a><\/span><\/p>\t\t\t\t\t\t\t\t<\/div>\n\t\t\t\t<\/div>\n\t\t\t\t\t<\/div>\n\t\t<\/div>\n\t\t\t\t\t<\/div>\n\t\t<\/section>\n\t\t\t\t<\/div>","protected":false},"excerpt":{"rendered":"<p>L'Ordre des physioth\u00e9rapeutes a \u00e9t\u00e9 invit\u00e9 \u00e0 participer au Congr\u00e8s de l'Algarve sur le cancer du sein \u00e0 Lagos.<\/p>","protected":false},"author":1,"featured_media":4083,"comment_status":"closed","ping_status":"open","sticky":false,"template":"","format":"standard","meta":{"footnotes":""},"categories":[13],"tags":[],"class_list":["post-4082","post","type-post","status-publish","format-standard","has-post-thumbnail","hentry","category-noticias"],"_links":{"self":[{"href":"https:\/\/staging.ordemdosfisioterapeutas.pt\/fr\/wp-json\/wp\/v2\/posts\/4082","targetHints":{"allow":["GET"]}}],"collection":[{"href":"https:\/\/staging.ordemdosfisioterapeutas.pt\/fr\/wp-json\/wp\/v2\/posts"}],"about":[{"href":"https:\/\/staging.ordemdosfisioterapeutas.pt\/fr\/wp-json\/wp\/v2\/types\/post"}],"author":[{"embeddable":true,"href":"https:\/\/staging.ordemdosfisioterapeutas.pt\/fr\/wp-json\/wp\/v2\/users\/1"}],"replies":[{"embeddable":true,"href":"https:\/\/staging.ordemdosfisioterapeutas.pt\/fr\/wp-json\/wp\/v2\/comments?post=4082"}],"version-history":[{"count":0,"href":"https:\/\/staging.ordemdosfisioterapeutas.pt\/fr\/wp-json\/wp\/v2\/posts\/4082\/revisions"}],"wp:featuredmedia":[{"embeddable":true,"href":"https:\/\/staging.ordemdosfisioterapeutas.pt\/fr\/wp-json\/wp\/v2\/media\/4083"}],"wp:attachment":[{"href":"https:\/\/staging.ordemdosfisioterapeutas.pt\/fr\/wp-json\/wp\/v2\/media?parent=4082"}],"wp:term":[{"taxonomy":"category","embeddable":true,"href":"https:\/\/staging.ordemdosfisioterapeutas.pt\/fr\/wp-json\/wp\/v2\/categories?post=4082"},{"taxonomy":"post_tag","embeddable":true,"href":"https:\/\/staging.ordemdosfisioterapeutas.pt\/fr\/wp-json\/wp\/v2\/tags?post=4082"}],"curies":[{"name":"wp","href":"https:\/\/api.w.org\/{rel}","templated":true}]}}