{"id":4091,"date":"2022-03-06T17:08:05","date_gmt":"2022-03-06T17:08:05","guid":{"rendered":"https:\/\/staging.ordemdosfisioterapeutas.pt\/?p=4091"},"modified":"2022-03-06T17:09:34","modified_gmt":"2022-03-06T17:09:34","slug":"reuniao-com-a-atarp","status":"publish","type":"post","link":"https:\/\/staging.ordemdosfisioterapeutas.pt\/fr\/noticias\/reuniao-com-a-atarp\/","title":{"rendered":"R\u00e9union avec l'ATARP"},"content":{"rendered":"<div data-elementor-type=\"wp-post\" data-elementor-id=\"4091\" class=\"elementor elementor-4091\" data-elementor-post-type=\"post\">\n\t\t\t\t\t\t<section class=\"elementor-section elementor-top-section elementor-element elementor-element-804e68e elementor-section-boxed elementor-section-height-default elementor-section-height-default\" data-id=\"804e68e\" data-element_type=\"section\" data-e-type=\"section\">\n\t\t\t\t\t\t<div class=\"elementor-container elementor-column-gap-default\">\n\t\t\t\t\t<div class=\"elementor-column elementor-col-100 elementor-top-column elementor-element elementor-element-2163de7\" data-id=\"2163de7\" data-element_type=\"column\" data-e-type=\"column\">\n\t\t\t<div class=\"elementor-widget-wrap elementor-element-populated\">\n\t\t\t\t\t\t<div class=\"elementor-element elementor-element-33f37d2 elementor-widget elementor-widget-text-editor\" data-id=\"33f37d2\" data-element_type=\"widget\" data-e-type=\"widget\" data-widget_type=\"text-editor.default\">\n\t\t\t\t<div class=\"elementor-widget-container\">\n\t\t\t\t\t\t\t\t\t<p>L'Ordre des physioth\u00e9rapeutes rencontre l'Association portugaise des techniciens en radiologie, radioth\u00e9rapie et m\u00e9decine nucl\u00e9aire (ATARP).<\/p><p>Le pr\u00e9sident de l'Ordre des physioth\u00e9rapeutes, Ant\u00f3nio Lopes, accompagn\u00e9 du vice-pr\u00e9sident Nuno Cordeiro et du membre du conseil d'administration Afonso Neutel, a rencontr\u00e9 le pr\u00e9sident de l'ATARP, Altino Cunha, et sa vice-pr\u00e9sidente, Rute Santos. Les discussions ont port\u00e9 sur l'avenir des professions qu'ils repr\u00e9sentent.<\/p><p>Pour l'OF, \"l'interconnexion professionnelle entre la physioth\u00e9rapie et les professions repr\u00e9sent\u00e9es par l'ATARP a \u00e9t\u00e9 le point de d\u00e9part de l'analyse des partenariats et collaborations potentiels entre les deux entit\u00e9s\". Le \"r\u00f4le du physioth\u00e9rapeute et sa relation avec les diff\u00e9rents domaines de l'imagerie et de l'\u00e9chographie\" ont \u00e9t\u00e9 d'autres sujets abord\u00e9s lors de la r\u00e9union.<\/p><p>Ils ont \u00e9galement discut\u00e9 des \"possibilit\u00e9s de collaboration\" qui permettraient \u00e0 l'Ordre des kin\u00e9sith\u00e9rapeutes et \u00e0 l'ATARP de travailler en \u00e9troite collaboration pour prot\u00e9ger les citoyens qui utilisent les services de sant\u00e9.<\/p>\t\t\t\t\t\t\t\t<\/div>\n\t\t\t\t<\/div>\n\t\t\t\t\t<\/div>\n\t\t<\/div>\n\t\t\t\t\t<\/div>\n\t\t<\/section>\n\t\t\t\t<\/div>","protected":false},"excerpt":{"rendered":"<p>L'Ordre des physioth\u00e9rapeutes rencontre l'Association portugaise des techniciens en radiologie, radioth\u00e9rapie et m\u00e9decine nucl\u00e9aire (ATARP).<\/p>","protected":false},"author":1,"featured_media":4092,"comment_status":"closed","ping_status":"open","sticky":false,"template":"","format":"standard","meta":{"footnotes":""},"categories":[13],"tags":[],"class_list":["post-4091","post","type-post","status-publish","format-standard","has-post-thumbnail","hentry","category-noticias"],"_links":{"self":[{"href":"https:\/\/staging.ordemdosfisioterapeutas.pt\/fr\/wp-json\/wp\/v2\/posts\/4091","targetHints":{"allow":["GET"]}}],"collection":[{"href":"https:\/\/staging.ordemdosfisioterapeutas.pt\/fr\/wp-json\/wp\/v2\/posts"}],"about":[{"href":"https:\/\/staging.ordemdosfisioterapeutas.pt\/fr\/wp-json\/wp\/v2\/types\/post"}],"author":[{"embeddable":true,"href":"https:\/\/staging.ordemdosfisioterapeutas.pt\/fr\/wp-json\/wp\/v2\/users\/1"}],"replies":[{"embeddable":true,"href":"https:\/\/staging.ordemdosfisioterapeutas.pt\/fr\/wp-json\/wp\/v2\/comments?post=4091"}],"version-history":[{"count":0,"href":"https:\/\/staging.ordemdosfisioterapeutas.pt\/fr\/wp-json\/wp\/v2\/posts\/4091\/revisions"}],"wp:featuredmedia":[{"embeddable":true,"href":"https:\/\/staging.ordemdosfisioterapeutas.pt\/fr\/wp-json\/wp\/v2\/media\/4092"}],"wp:attachment":[{"href":"https:\/\/staging.ordemdosfisioterapeutas.pt\/fr\/wp-json\/wp\/v2\/media?parent=4091"}],"wp:term":[{"taxonomy":"category","embeddable":true,"href":"https:\/\/staging.ordemdosfisioterapeutas.pt\/fr\/wp-json\/wp\/v2\/categories?post=4091"},{"taxonomy":"post_tag","embeddable":true,"href":"https:\/\/staging.ordemdosfisioterapeutas.pt\/fr\/wp-json\/wp\/v2\/tags?post=4091"}],"curies":[{"name":"wp","href":"https:\/\/api.w.org\/{rel}","templated":true}]}}