{"id":4097,"date":"2022-03-06T17:12:20","date_gmt":"2022-03-06T17:12:20","guid":{"rendered":"https:\/\/staging.ordemdosfisioterapeutas.pt\/?p=4097"},"modified":"2022-03-06T17:14:00","modified_gmt":"2022-03-06T17:14:00","slug":"dia-da-escola-estesl","status":"publish","type":"post","link":"https:\/\/staging.ordemdosfisioterapeutas.pt\/fr\/noticias\/dia-da-escola-estesl\/","title":{"rendered":"Journ\u00e9e scolaire - ESTeSL"},"content":{"rendered":"<div data-elementor-type=\"wp-post\" data-elementor-id=\"4097\" class=\"elementor elementor-4097\" data-elementor-post-type=\"post\">\n\t\t\t\t\t\t<section class=\"elementor-section elementor-top-section elementor-element elementor-element-c33979b elementor-section-boxed elementor-section-height-default elementor-section-height-default\" data-id=\"c33979b\" data-element_type=\"section\" data-e-type=\"section\">\n\t\t\t\t\t\t<div class=\"elementor-container elementor-column-gap-default\">\n\t\t\t\t\t<div class=\"elementor-column elementor-col-100 elementor-top-column elementor-element elementor-element-4b28536\" data-id=\"4b28536\" data-element_type=\"column\" data-e-type=\"column\">\n\t\t\t<div class=\"elementor-widget-wrap elementor-element-populated\">\n\t\t\t\t\t\t<div class=\"elementor-element elementor-element-b833a86 elementor-widget elementor-widget-text-editor\" data-id=\"b833a86\" data-element_type=\"widget\" data-e-type=\"widget\" data-widget_type=\"text-editor.default\">\n\t\t\t\t<div class=\"elementor-widget-container\">\n\t\t\t\t\t\t\t\t\t<p>Ant\u00f3nio Lopes, pr\u00e9sident de l'Ordre des physioth\u00e9rapeutes, a assist\u00e9 aux c\u00e9l\u00e9brations de la Journ\u00e9e de l'\u00e9cole \u00e0 l'ESTeSL le jeudi 24 f\u00e9vrier.<\/p><p>Cette journ\u00e9e, qui marque quatre d\u00e9cennies d'histoire de l'institution, a \u00e9galement \u00e9t\u00e9 marqu\u00e9e par la remise de prix et de dipl\u00f4mes \u00e0 ses \u00e9tudiants de licence et de master.<\/p><p>L'Ordre des kin\u00e9sith\u00e9rapeutes tient \u00e0 remercier tous les kin\u00e9sith\u00e9rapeutes pour l'invitation \u00e0 la c\u00e9r\u00e9monie, dont la devise \"Le chemin se fait en marchant\" est une source d'inspiration pour tous les kin\u00e9sith\u00e9rapeutes.\u00a0<\/p><p>F\u00e9licitations \u00e0 tous les nouveaux dipl\u00f4m\u00e9s et beaucoup de succ\u00e8s sur les chemins qu'ils emprunteront.<\/p><p>F\u00e9licitations \u00e0 l'ESTeSL et aux \u00e9tablissements d'enseignement qui contribuent chaque jour \u00e0 l'\u00e9panouissement de leurs \u00e9tudiants et \u00e0 la qualit\u00e9 de la physioth\u00e9rapie au Portugal.<\/p><p>Sur la photo : le pr\u00e9sident de l'OF, Ant\u00f3nio Lopes, avec le professeur Manuel Correia, premier pr\u00e9sident \u00e9lu de l'ESTeSL et orateur invit\u00e9 \u00e0 la session.<\/p>\t\t\t\t\t\t\t\t<\/div>\n\t\t\t\t<\/div>\n\t\t\t\t\t<\/div>\n\t\t<\/div>\n\t\t\t\t\t<\/div>\n\t\t<\/section>\n\t\t\t\t<\/div>","protected":false},"excerpt":{"rendered":"<p>Ant\u00f3nio Lopes, pr\u00e9sident de l'Ordre des physioth\u00e9rapeutes, a assist\u00e9 aux c\u00e9l\u00e9brations de la Journ\u00e9e de l'\u00e9cole \u00e0 l'ESTeSL le jeudi 24 f\u00e9vrier.<\/p>","protected":false},"author":1,"featured_media":4098,"comment_status":"closed","ping_status":"open","sticky":false,"template":"","format":"standard","meta":{"footnotes":""},"categories":[13],"tags":[],"class_list":["post-4097","post","type-post","status-publish","format-standard","has-post-thumbnail","hentry","category-noticias"],"_links":{"self":[{"href":"https:\/\/staging.ordemdosfisioterapeutas.pt\/fr\/wp-json\/wp\/v2\/posts\/4097","targetHints":{"allow":["GET"]}}],"collection":[{"href":"https:\/\/staging.ordemdosfisioterapeutas.pt\/fr\/wp-json\/wp\/v2\/posts"}],"about":[{"href":"https:\/\/staging.ordemdosfisioterapeutas.pt\/fr\/wp-json\/wp\/v2\/types\/post"}],"author":[{"embeddable":true,"href":"https:\/\/staging.ordemdosfisioterapeutas.pt\/fr\/wp-json\/wp\/v2\/users\/1"}],"replies":[{"embeddable":true,"href":"https:\/\/staging.ordemdosfisioterapeutas.pt\/fr\/wp-json\/wp\/v2\/comments?post=4097"}],"version-history":[{"count":0,"href":"https:\/\/staging.ordemdosfisioterapeutas.pt\/fr\/wp-json\/wp\/v2\/posts\/4097\/revisions"}],"wp:featuredmedia":[{"embeddable":true,"href":"https:\/\/staging.ordemdosfisioterapeutas.pt\/fr\/wp-json\/wp\/v2\/media\/4098"}],"wp:attachment":[{"href":"https:\/\/staging.ordemdosfisioterapeutas.pt\/fr\/wp-json\/wp\/v2\/media?parent=4097"}],"wp:term":[{"taxonomy":"category","embeddable":true,"href":"https:\/\/staging.ordemdosfisioterapeutas.pt\/fr\/wp-json\/wp\/v2\/categories?post=4097"},{"taxonomy":"post_tag","embeddable":true,"href":"https:\/\/staging.ordemdosfisioterapeutas.pt\/fr\/wp-json\/wp\/v2\/tags?post=4097"}],"curies":[{"name":"wp","href":"https:\/\/api.w.org\/{rel}","templated":true}]}}