{"id":4229,"date":"2022-03-21T17:22:53","date_gmt":"2022-03-21T17:22:53","guid":{"rendered":"https:\/\/staging.ordemdosfisioterapeutas.pt\/?p=4229"},"modified":"2022-03-21T17:25:25","modified_gmt":"2022-03-21T17:25:25","slug":"inauguracao-do-laboratorio-lafffi","status":"publish","type":"post","link":"https:\/\/staging.ordemdosfisioterapeutas.pt\/fr\/noticias\/inauguracao-do-laboratorio-lafffi\/","title":{"rendered":"Inauguration du laboratoire LAFFFI"},"content":{"rendered":"<div data-elementor-type=\"wp-post\" data-elementor-id=\"4229\" class=\"elementor elementor-4229\" data-elementor-post-type=\"post\">\n\t\t\t\t\t\t<section class=\"elementor-section elementor-top-section elementor-element elementor-element-78d71c5 elementor-section-boxed elementor-section-height-default elementor-section-height-default\" data-id=\"78d71c5\" data-element_type=\"section\" data-e-type=\"section\">\n\t\t\t\t\t\t<div class=\"elementor-container elementor-column-gap-default\">\n\t\t\t\t\t<div class=\"elementor-column elementor-col-100 elementor-top-column elementor-element elementor-element-7169787\" data-id=\"7169787\" data-element_type=\"column\" data-e-type=\"column\">\n\t\t\t<div class=\"elementor-widget-wrap elementor-element-populated\">\n\t\t\t\t\t\t<div class=\"elementor-element elementor-element-221ca45 elementor-widget elementor-widget-text-editor\" data-id=\"221ca45\" data-element_type=\"widget\" data-e-type=\"widget\" data-widget_type=\"text-editor.default\">\n\t\t\t\t<div class=\"elementor-widget-container\">\n\t\t\t\t\t\t\t\t\t<p>Le 9 mars 2022, l'Ordre des kin\u00e9sith\u00e9rapeutes a assist\u00e9 \u00e0 l'inauguration du Laboratoire d'\u00e9valuation physique et fonctionnelle en kin\u00e9sith\u00e9rapie - LAFFFI \u00e0 la Coop\u00e9rative d'enseignement sup\u00e9rieur Egas Moniz. Cette \u00e9tape a \u00e9t\u00e9 marqu\u00e9e, entre autres, par la pr\u00e9sence du pr\u00e9sident de l'Ordre des physioth\u00e9rapeutes, Ant\u00f3nio Manuel Fernandes Lopes.<br \/><br \/>Le Professeur Jos\u00e9 Jo\u00e3o Mendes, Pr\u00e9sident du Conseil d'Administration d'Egas Moniz, a soulign\u00e9 l'importance de la recherche dans tous les domaines et le long chemin que cette institution a parcouru et continue de parcourir dans ce domaine. Le Professeur Luciano Maia, fondateur de ce laboratoire, a mis l'accent sur tous les partenariats qui lui ont permis de devenir une r\u00e9alit\u00e9.<br \/><br \/>Le LAFFFI est un laboratoire de recherche dont la mission est de d\u00e9velopper la recherche fondamentale, avanc\u00e9e et appliqu\u00e9e dans les disciplines li\u00e9es \u00e0 l'\u00e9tude et \u00e0 l'enseignement de la kin\u00e9sith\u00e9rapie et des sciences biom\u00e9dicales, ainsi que dans d'autres domaines scientifiques appliqu\u00e9s \u00e0 la sant\u00e9.<\/p><p>L'Ordre des kin\u00e9sith\u00e9rapeutes souhaite \u00e0 LAFFFI beaucoup de succ\u00e8s pour l'avenir.<\/p>\t\t\t\t\t\t\t\t<\/div>\n\t\t\t\t<\/div>\n\t\t\t\t\t<\/div>\n\t\t<\/div>\n\t\t\t\t\t<\/div>\n\t\t<\/section>\n\t\t\t\t<\/div>","protected":false},"excerpt":{"rendered":"<p>Le 9 mars 2022, l'Ordre des physioth\u00e9rapeutes portugais a assist\u00e9 \u00e0 l'inauguration du Laboratoire d'\u00e9valuation physique et fonctionnelle en physioth\u00e9rapie - LAFFFI \u00e0 la Egas Moniz Cooperativa de Ensino Superior. <\/p>","protected":false},"author":1,"featured_media":4234,"comment_status":"closed","ping_status":"open","sticky":false,"template":"","format":"standard","meta":{"footnotes":""},"categories":[13],"tags":[],"class_list":["post-4229","post","type-post","status-publish","format-standard","has-post-thumbnail","hentry","category-noticias"],"_links":{"self":[{"href":"https:\/\/staging.ordemdosfisioterapeutas.pt\/fr\/wp-json\/wp\/v2\/posts\/4229","targetHints":{"allow":["GET"]}}],"collection":[{"href":"https:\/\/staging.ordemdosfisioterapeutas.pt\/fr\/wp-json\/wp\/v2\/posts"}],"about":[{"href":"https:\/\/staging.ordemdosfisioterapeutas.pt\/fr\/wp-json\/wp\/v2\/types\/post"}],"author":[{"embeddable":true,"href":"https:\/\/staging.ordemdosfisioterapeutas.pt\/fr\/wp-json\/wp\/v2\/users\/1"}],"replies":[{"embeddable":true,"href":"https:\/\/staging.ordemdosfisioterapeutas.pt\/fr\/wp-json\/wp\/v2\/comments?post=4229"}],"version-history":[{"count":0,"href":"https:\/\/staging.ordemdosfisioterapeutas.pt\/fr\/wp-json\/wp\/v2\/posts\/4229\/revisions"}],"wp:featuredmedia":[{"embeddable":true,"href":"https:\/\/staging.ordemdosfisioterapeutas.pt\/fr\/wp-json\/wp\/v2\/media\/4234"}],"wp:attachment":[{"href":"https:\/\/staging.ordemdosfisioterapeutas.pt\/fr\/wp-json\/wp\/v2\/media?parent=4229"}],"wp:term":[{"taxonomy":"category","embeddable":true,"href":"https:\/\/staging.ordemdosfisioterapeutas.pt\/fr\/wp-json\/wp\/v2\/categories?post=4229"},{"taxonomy":"post_tag","embeddable":true,"href":"https:\/\/staging.ordemdosfisioterapeutas.pt\/fr\/wp-json\/wp\/v2\/tags?post=4229"}],"curies":[{"name":"wp","href":"https:\/\/api.w.org\/{rel}","templated":true}]}}