{"id":4236,"date":"2022-03-21T17:27:40","date_gmt":"2022-03-21T17:27:40","guid":{"rendered":"https:\/\/staging.ordemdosfisioterapeutas.pt\/?p=4236"},"modified":"2022-03-21T17:28:18","modified_gmt":"2022-03-21T17:28:18","slug":"a-fisioterapia-dira-sempre-presente","status":"publish","type":"post","link":"https:\/\/staging.ordemdosfisioterapeutas.pt\/fr\/noticias\/a-fisioterapia-dira-sempre-presente\/","title":{"rendered":"La physioth\u00e9rapie sera toujours l\u00e0 !"},"content":{"rendered":"<div data-elementor-type=\"wp-post\" data-elementor-id=\"4236\" class=\"elementor elementor-4236\" data-elementor-post-type=\"post\">\n\t\t\t\t\t\t<section class=\"elementor-section elementor-top-section elementor-element elementor-element-de2eaf8 elementor-section-boxed elementor-section-height-default elementor-section-height-default\" data-id=\"de2eaf8\" data-element_type=\"section\" data-e-type=\"section\">\n\t\t\t\t\t\t<div class=\"elementor-container elementor-column-gap-default\">\n\t\t\t\t\t<div class=\"elementor-column elementor-col-100 elementor-top-column elementor-element elementor-element-13385fe\" data-id=\"13385fe\" data-element_type=\"column\" data-e-type=\"column\">\n\t\t\t<div class=\"elementor-widget-wrap elementor-element-populated\">\n\t\t\t\t\t\t<div class=\"elementor-element elementor-element-a4a762d elementor-widget elementor-widget-text-editor\" data-id=\"a4a762d\" data-element_type=\"widget\" data-e-type=\"widget\" data-widget_type=\"text-editor.default\">\n\t\t\t\t<div class=\"elementor-widget-container\">\n\t\t\t\t\t\t\t\t\t<p>Afin de clarifier et de faire conna\u00eetre la position de l'Ordre des kin\u00e9sith\u00e9rapeutes face \u00e0 l'escalade du conflit en Ukraine, et pour mieux apporter l'aide n\u00e9cessaire, le Conseil d'administration a mis en place une \u00e9quipe de travail, dans le cadre de la Commission dite d'\u00e9valuation technique, pour \u00e9valuer, au cas par cas, les demandes des kin\u00e9sith\u00e9rapeutes venant d'Ukraine dans le cadre du soutien que le Portugal accorde aux r\u00e9fugi\u00e9s de ce pays. L'Ordre a \u00e9galement exprim\u00e9 sa solidarit\u00e9 avec le pr\u00e9sident de l'Association ukrainienne des physioth\u00e9rapeutes, Stepan Kobelyev, qui nous a promptement remerci\u00e9s.<\/p><p>C'est pourquoi nous diffuserons les informations n\u00e9cessaires \u00e0 la communaut\u00e9 ukrainienne, en identifiant les contacts cr\u00e9\u00e9s sp\u00e9cifiquement \u00e0 cette fin, en utilisant l'ambassade ukrainienne, les associations et autres organisations humanitaires, directement, par courrier \u00e9lectronique, par des messages sur les r\u00e9seaux sociaux et les sites d'agr\u00e9gation d'aide, entre autres.<\/p><p>De cette mani\u00e8re, nous nous assurons non seulement que la demande de soutien est li\u00e9e \u00e0 la question ukrainienne, mais aussi qu'il existe un lien avec les physioth\u00e9rapeutes agr\u00e9\u00e9s et les coll\u00e8gues qui re\u00e7oivent les demandes r\u00e9ellement destin\u00e9es \u00e0 soutenir les citoyens ukrainiens et leurs familles.<\/p><p>Enfin, un grand merci \u00e0 tous les physioth\u00e9rapeutes traducteurs qui ont accept\u00e9 de participer \u00e0 cet effort de soutien \u00e0 la communaut\u00e9 ukrainienne !<\/p><p>La physioth\u00e9rapie sera toujours pr\u00e9sente lorsqu'il s'agira de d\u00e9fendre les droits de tous les citoyens !<\/p>\t\t\t\t\t\t\t\t<\/div>\n\t\t\t\t<\/div>\n\t\t\t\t\t<\/div>\n\t\t<\/div>\n\t\t\t\t\t<\/div>\n\t\t<\/section>\n\t\t\t\t<\/div>","protected":false},"excerpt":{"rendered":"<p>Afin de clarifier et de faire conna\u00eetre la position de l'Ordre des kin\u00e9sith\u00e9rapeutes face \u00e0 l'escalade du conflit en Ukraine, et pour mieux apporter l'aide n\u00e9cessaire, le Conseil d'administration a mis en place une \u00e9quipe de travail, dans le cadre de la Commission d'\u00e9valuation technique, pour \u00e9valuer, au cas par cas, les demandes des kin\u00e9sith\u00e9rapeutes en provenance d'Ukraine dans le cadre du soutien que le Portugal accorde aux r\u00e9fugi\u00e9s de ce pays. <\/p>","protected":false},"author":1,"featured_media":4237,"comment_status":"closed","ping_status":"open","sticky":false,"template":"","format":"standard","meta":{"footnotes":""},"categories":[13],"tags":[],"class_list":["post-4236","post","type-post","status-publish","format-standard","has-post-thumbnail","hentry","category-noticias"],"_links":{"self":[{"href":"https:\/\/staging.ordemdosfisioterapeutas.pt\/fr\/wp-json\/wp\/v2\/posts\/4236","targetHints":{"allow":["GET"]}}],"collection":[{"href":"https:\/\/staging.ordemdosfisioterapeutas.pt\/fr\/wp-json\/wp\/v2\/posts"}],"about":[{"href":"https:\/\/staging.ordemdosfisioterapeutas.pt\/fr\/wp-json\/wp\/v2\/types\/post"}],"author":[{"embeddable":true,"href":"https:\/\/staging.ordemdosfisioterapeutas.pt\/fr\/wp-json\/wp\/v2\/users\/1"}],"replies":[{"embeddable":true,"href":"https:\/\/staging.ordemdosfisioterapeutas.pt\/fr\/wp-json\/wp\/v2\/comments?post=4236"}],"version-history":[{"count":0,"href":"https:\/\/staging.ordemdosfisioterapeutas.pt\/fr\/wp-json\/wp\/v2\/posts\/4236\/revisions"}],"wp:featuredmedia":[{"embeddable":true,"href":"https:\/\/staging.ordemdosfisioterapeutas.pt\/fr\/wp-json\/wp\/v2\/media\/4237"}],"wp:attachment":[{"href":"https:\/\/staging.ordemdosfisioterapeutas.pt\/fr\/wp-json\/wp\/v2\/media?parent=4236"}],"wp:term":[{"taxonomy":"category","embeddable":true,"href":"https:\/\/staging.ordemdosfisioterapeutas.pt\/fr\/wp-json\/wp\/v2\/categories?post=4236"},{"taxonomy":"post_tag","embeddable":true,"href":"https:\/\/staging.ordemdosfisioterapeutas.pt\/fr\/wp-json\/wp\/v2\/tags?post=4236"}],"curies":[{"name":"wp","href":"https:\/\/api.w.org\/{rel}","templated":true}]}}