{"id":4260,"date":"2022-03-30T19:03:24","date_gmt":"2022-03-30T18:03:24","guid":{"rendered":"https:\/\/staging.ordemdosfisioterapeutas.pt\/?p=4260"},"modified":"2022-03-30T19:04:53","modified_gmt":"2022-03-30T18:04:53","slug":"tomada-de-posse-gabinete-de-estudos-e-planeamento-gep","status":"publish","type":"post","link":"https:\/\/staging.ordemdosfisioterapeutas.pt\/fr\/noticias\/tomada-de-posse-gabinete-de-estudos-e-planeamento-gep\/","title":{"rendered":"Inauguration - Bureau d'\u00e9tudes et de planification (GEP)"},"content":{"rendered":"<div data-elementor-type=\"wp-post\" data-elementor-id=\"4260\" class=\"elementor elementor-4260\" data-elementor-post-type=\"post\">\n\t\t\t\t\t\t<section class=\"elementor-section elementor-top-section elementor-element elementor-element-f77d4ee elementor-section-boxed elementor-section-height-default elementor-section-height-default\" data-id=\"f77d4ee\" data-element_type=\"section\" data-e-type=\"section\">\n\t\t\t\t\t\t<div class=\"elementor-container elementor-column-gap-default\">\n\t\t\t\t\t<div class=\"elementor-column elementor-col-100 elementor-top-column elementor-element elementor-element-42f5bff\" data-id=\"42f5bff\" data-element_type=\"column\" data-e-type=\"column\">\n\t\t\t<div class=\"elementor-widget-wrap elementor-element-populated\">\n\t\t\t\t\t\t<div class=\"elementor-element elementor-element-55677fc elementor-widget elementor-widget-text-editor\" data-id=\"55677fc\" data-element_type=\"widget\" data-e-type=\"widget\" data-widget_type=\"text-editor.default\">\n\t\t\t\t<div class=\"elementor-widget-container\">\n\t\t\t\t\t\t\t\t\t<p>Le Bureau d'\u00e9tudes et de planification de l'Ordre (GEP) est entr\u00e9 en fonction le 29 mars, cr\u00e9\u00e9 conform\u00e9ment au plan d'activit\u00e9s approuv\u00e9 par le Conseil g\u00e9n\u00e9ral.<br \/>Le GEP a pour mission et objectifs de d\u00e9velopper une structure d'appui \u00e0 la r\u00e9alisation d'\u00e9tudes, notamment d'\u00e9tudes co\u00fbt-efficacit\u00e9 et d'\u00e9tudes d'\u00e9valuation des r\u00e9sultats de sant\u00e9 et des politiques de sant\u00e9 directement li\u00e9es \u00e0 la kin\u00e9sith\u00e9rapie. La poursuite de ces objectifs sera fondamentale pour contribuer \u00e0 la d\u00e9finition, \u00e0 l'am\u00e9lioration et \u00e0 la structuration des strat\u00e9gies, des politiques, des priorit\u00e9s et des objectifs de l'Ordre des physioth\u00e9rapeutes.<\/p><p>Nous remercions les physioth\u00e9rapeutes d\u00e9sign\u00e9s pour leur disponibilit\u00e9 et leur engagement :<br \/>Professeur Eduardo Brazete Cruz (Coordinateur) - C\u00e9d n\u00ba 2191 ;<br \/>Professeur Dr Cristina J\u00e1come - C\u00e9d n\u00ba 1111 ;<br \/>Professeur Dr Fernando Ribeiro - C\u00e9d n\u00ba 2560 ;\u00a0<br \/><span style=\"color: var( --e-global-color-text ); font-family: var( --e-global-typography-text-font-family ), Sans-serif; font-size: var( --e-global-typography-text-font-size ); font-weight: var( --e-global-typography-text-font-weight );\">Professeur Dr Diogo Pires - C\u00e9d n\u00ba 2420.\u00a0<\/span><\/p>\t\t\t\t\t\t\t\t<\/div>\n\t\t\t\t<\/div>\n\t\t\t\t\t<\/div>\n\t\t<\/div>\n\t\t\t\t\t<\/div>\n\t\t<\/section>\n\t\t\t\t<\/div>","protected":false},"excerpt":{"rendered":"<p>Le Bureau d'\u00e9tudes et de planification de l'Ordre (GEP) est entr\u00e9 en fonction le 29 mars, cr\u00e9\u00e9 conform\u00e9ment au plan d'activit\u00e9s approuv\u00e9 par le Conseil g\u00e9n\u00e9ral.<\/p>","protected":false},"author":1,"featured_media":4261,"comment_status":"closed","ping_status":"open","sticky":false,"template":"","format":"standard","meta":{"footnotes":""},"categories":[13],"tags":[],"class_list":["post-4260","post","type-post","status-publish","format-standard","has-post-thumbnail","hentry","category-noticias"],"_links":{"self":[{"href":"https:\/\/staging.ordemdosfisioterapeutas.pt\/fr\/wp-json\/wp\/v2\/posts\/4260","targetHints":{"allow":["GET"]}}],"collection":[{"href":"https:\/\/staging.ordemdosfisioterapeutas.pt\/fr\/wp-json\/wp\/v2\/posts"}],"about":[{"href":"https:\/\/staging.ordemdosfisioterapeutas.pt\/fr\/wp-json\/wp\/v2\/types\/post"}],"author":[{"embeddable":true,"href":"https:\/\/staging.ordemdosfisioterapeutas.pt\/fr\/wp-json\/wp\/v2\/users\/1"}],"replies":[{"embeddable":true,"href":"https:\/\/staging.ordemdosfisioterapeutas.pt\/fr\/wp-json\/wp\/v2\/comments?post=4260"}],"version-history":[{"count":0,"href":"https:\/\/staging.ordemdosfisioterapeutas.pt\/fr\/wp-json\/wp\/v2\/posts\/4260\/revisions"}],"wp:featuredmedia":[{"embeddable":true,"href":"https:\/\/staging.ordemdosfisioterapeutas.pt\/fr\/wp-json\/wp\/v2\/media\/4261"}],"wp:attachment":[{"href":"https:\/\/staging.ordemdosfisioterapeutas.pt\/fr\/wp-json\/wp\/v2\/media?parent=4260"}],"wp:term":[{"taxonomy":"category","embeddable":true,"href":"https:\/\/staging.ordemdosfisioterapeutas.pt\/fr\/wp-json\/wp\/v2\/categories?post=4260"},{"taxonomy":"post_tag","embeddable":true,"href":"https:\/\/staging.ordemdosfisioterapeutas.pt\/fr\/wp-json\/wp\/v2\/tags?post=4260"}],"curies":[{"name":"wp","href":"https:\/\/api.w.org\/{rel}","templated":true}]}}