{"id":4274,"date":"2022-04-01T17:24:40","date_gmt":"2022-04-01T16:24:40","guid":{"rendered":"https:\/\/staging.ordemdosfisioterapeutas.pt\/?p=4274"},"modified":"2022-04-01T17:29:15","modified_gmt":"2022-04-01T16:29:15","slug":"reuniao-plano-de-recuperacao-e-resiliencia","status":"publish","type":"post","link":"https:\/\/staging.ordemdosfisioterapeutas.pt\/fr\/noticias\/reuniao-plano-de-recuperacao-e-resiliencia\/","title":{"rendered":"R\u00e9union - Plan de relance et de r\u00e9silience"},"content":{"rendered":"<div data-elementor-type=\"wp-post\" data-elementor-id=\"4274\" class=\"elementor elementor-4274\" data-elementor-post-type=\"post\">\n\t\t\t\t\t\t<section class=\"elementor-section elementor-top-section elementor-element elementor-element-43c26fd elementor-section-boxed elementor-section-height-default elementor-section-height-default\" data-id=\"43c26fd\" data-element_type=\"section\" data-e-type=\"section\">\n\t\t\t\t\t\t<div class=\"elementor-container elementor-column-gap-default\">\n\t\t\t\t\t<div class=\"elementor-column elementor-col-100 elementor-top-column elementor-element elementor-element-29d3aa5\" data-id=\"29d3aa5\" data-element_type=\"column\" data-e-type=\"column\">\n\t\t\t<div class=\"elementor-widget-wrap elementor-element-populated\">\n\t\t\t\t\t\t<div class=\"elementor-element elementor-element-0f5f5cc elementor-widget elementor-widget-text-editor\" data-id=\"0f5f5cc\" data-element_type=\"widget\" data-e-type=\"widget\" data-widget_type=\"text-editor.default\">\n\t\t\t\t<div class=\"elementor-widget-container\">\n\t\t\t\t\t\t\t\t\t<p>Services partag\u00e9s du minist\u00e8re de la sant\u00e9\u00a0<\/p><p>Groupe de travail sur le plan de relance et de r\u00e9silience<\/p><p>Un groupe de travail a \u00e9t\u00e9 mis en place avec des repr\u00e9sentants des organisations des professions de sant\u00e9 pour suivre les initiatives des services partag\u00e9s du minist\u00e8re de la sant\u00e9 dans le cadre du plan de relance et de r\u00e9silience. Les syst\u00e8mes d'information pour les professionnels de sant\u00e9 sont un enjeu important pour les kin\u00e9sith\u00e9rapeutes, on le sait, mais aussi, et par voie de cons\u00e9quence, pour les usagers.<\/p><p>La premi\u00e8re r\u00e9union a eu lieu le 17 mars, en pr\u00e9sence d'une d\u00e9l\u00e9gation de l'Ordre des kin\u00e9sith\u00e9rapeutes. Une autre r\u00e9union est pr\u00e9vue en juin prochain.<\/p>\t\t\t\t\t\t\t\t<\/div>\n\t\t\t\t<\/div>\n\t\t\t\t\t<\/div>\n\t\t<\/div>\n\t\t\t\t\t<\/div>\n\t\t<\/section>\n\t\t\t\t<\/div>","protected":false},"excerpt":{"rendered":"<p>Un groupe de travail a \u00e9t\u00e9 cr\u00e9\u00e9 avec des repr\u00e9sentants des organisations des professions de sant\u00e9 pour suivre les initiatives des services partag\u00e9s du minist\u00e8re de la sant\u00e9 dans le cadre du plan de relance et de r\u00e9silience. <\/p>","protected":false},"author":1,"featured_media":4275,"comment_status":"closed","ping_status":"open","sticky":false,"template":"","format":"standard","meta":{"footnotes":""},"categories":[13],"tags":[],"class_list":["post-4274","post","type-post","status-publish","format-standard","has-post-thumbnail","hentry","category-noticias"],"_links":{"self":[{"href":"https:\/\/staging.ordemdosfisioterapeutas.pt\/fr\/wp-json\/wp\/v2\/posts\/4274","targetHints":{"allow":["GET"]}}],"collection":[{"href":"https:\/\/staging.ordemdosfisioterapeutas.pt\/fr\/wp-json\/wp\/v2\/posts"}],"about":[{"href":"https:\/\/staging.ordemdosfisioterapeutas.pt\/fr\/wp-json\/wp\/v2\/types\/post"}],"author":[{"embeddable":true,"href":"https:\/\/staging.ordemdosfisioterapeutas.pt\/fr\/wp-json\/wp\/v2\/users\/1"}],"replies":[{"embeddable":true,"href":"https:\/\/staging.ordemdosfisioterapeutas.pt\/fr\/wp-json\/wp\/v2\/comments?post=4274"}],"version-history":[{"count":0,"href":"https:\/\/staging.ordemdosfisioterapeutas.pt\/fr\/wp-json\/wp\/v2\/posts\/4274\/revisions"}],"wp:featuredmedia":[{"embeddable":true,"href":"https:\/\/staging.ordemdosfisioterapeutas.pt\/fr\/wp-json\/wp\/v2\/media\/4275"}],"wp:attachment":[{"href":"https:\/\/staging.ordemdosfisioterapeutas.pt\/fr\/wp-json\/wp\/v2\/media?parent=4274"}],"wp:term":[{"taxonomy":"category","embeddable":true,"href":"https:\/\/staging.ordemdosfisioterapeutas.pt\/fr\/wp-json\/wp\/v2\/categories?post=4274"},{"taxonomy":"post_tag","embeddable":true,"href":"https:\/\/staging.ordemdosfisioterapeutas.pt\/fr\/wp-json\/wp\/v2\/tags?post=4274"}],"curies":[{"name":"wp","href":"https:\/\/api.w.org\/{rel}","templated":true}]}}