{"id":4296,"date":"2022-04-05T17:14:31","date_gmt":"2022-04-05T16:14:31","guid":{"rendered":"https:\/\/staging.ordemdosfisioterapeutas.pt\/?p=4296"},"modified":"2022-04-05T17:15:29","modified_gmt":"2022-04-05T16:15:29","slug":"tomada-de-posse-sociedade-portuguesa-de-literacia-em-saude","status":"publish","type":"post","link":"https:\/\/staging.ordemdosfisioterapeutas.pt\/fr\/noticias\/tomada-de-posse-sociedade-portuguesa-de-literacia-em-saude\/","title":{"rendered":"Inauguration - Soci\u00e9t\u00e9 portugaise pour la litt\u00e9ratie en sant\u00e9"},"content":{"rendered":"<div data-elementor-type=\"wp-post\" data-elementor-id=\"4296\" class=\"elementor elementor-4296\" data-elementor-post-type=\"post\">\n\t\t\t\t\t\t<section class=\"elementor-section elementor-top-section elementor-element elementor-element-1834f3d elementor-section-boxed elementor-section-height-default elementor-section-height-default\" data-id=\"1834f3d\" data-element_type=\"section\" data-e-type=\"section\">\n\t\t\t\t\t\t<div class=\"elementor-container elementor-column-gap-default\">\n\t\t\t\t\t<div class=\"elementor-column elementor-col-100 elementor-top-column elementor-element elementor-element-40dad0e\" data-id=\"40dad0e\" data-element_type=\"column\" data-e-type=\"column\">\n\t\t\t<div class=\"elementor-widget-wrap elementor-element-populated\">\n\t\t\t\t\t\t<div class=\"elementor-element elementor-element-9551119 elementor-widget elementor-widget-text-editor\" data-id=\"9551119\" data-element_type=\"widget\" data-e-type=\"widget\" data-widget_type=\"text-editor.default\">\n\t\t\t\t<div class=\"elementor-widget-container\">\n\t\t\t\t\t\t\t\t\t<p>La c\u00e9r\u00e9monie d'inauguration du SPLS s'est tenue le 26 mars et a \u00e9galement \u00e9t\u00e9 marqu\u00e9e par l'\u00e9v\u00e9nement \"Health Literacy and the Global Humanitarian Crisis\", qui s'est d\u00e9roul\u00e9 au si\u00e8ge de la Commission europ\u00e9enne.\u00a0<em>Lisbonne.\u00a0<\/em><\/p><p>La Soci\u00e9t\u00e9 portugaise pour la litt\u00e9ratie en sant\u00e9 est une organisation scientifique et \u00e9ducative \u00e0 but non lucratif qui se consacre \u00e0 la promotion, au d\u00e9veloppement et \u00e0 l'am\u00e9lioration de la litt\u00e9ratie en sant\u00e9, dans le respect des principes \u00e9thiques et des valeurs humanistes.<\/p><p>Nous souhaitons aux organes directeurs \u00e9lus un mandat tr\u00e8s fructueux et sommes pr\u00eats \u00e0 contribuer \u00e0 leur approche multidisciplinaire de la promotion de la litt\u00e9ratie en sant\u00e9.\u00a0<\/p><p>L'Ordre des physioth\u00e9rapeutes \u00e9tait repr\u00e9sent\u00e9 par le vice-pr\u00e9sident<strong>,<\/strong>\u00a0Concei\u00e7\u00e3o Bettencourt.\u00a0<\/p><p>Pour en savoir plus sur le SPLS, cliquez ici :\u00a0<span style=\"text-decoration: underline;\"><a href=\"https:\/\/www.splsportugal.pt\/\">https:\/\/www.splsportugal.pt\/<\/a><\/span><\/p>\t\t\t\t\t\t\t\t<\/div>\n\t\t\t\t<\/div>\n\t\t\t\t\t<\/div>\n\t\t<\/div>\n\t\t\t\t\t<\/div>\n\t\t<\/section>\n\t\t\t\t<\/div>","protected":false},"excerpt":{"rendered":"<p>La c\u00e9r\u00e9monie d'inauguration du SPLS s'est tenue le 26 mars et a \u00e9galement \u00e9t\u00e9 marqu\u00e9e par l'\u00e9v\u00e9nement \"Health Literacy and the Global Humanitarian Crisis\" (Alphab\u00e9tisation en mati\u00e8re de sant\u00e9 et crise humanitaire mondiale) \u00e0 Lisbonne. <\/p>","protected":false},"author":1,"featured_media":4297,"comment_status":"closed","ping_status":"open","sticky":false,"template":"","format":"standard","meta":{"footnotes":""},"categories":[13],"tags":[],"class_list":["post-4296","post","type-post","status-publish","format-standard","has-post-thumbnail","hentry","category-noticias"],"_links":{"self":[{"href":"https:\/\/staging.ordemdosfisioterapeutas.pt\/fr\/wp-json\/wp\/v2\/posts\/4296","targetHints":{"allow":["GET"]}}],"collection":[{"href":"https:\/\/staging.ordemdosfisioterapeutas.pt\/fr\/wp-json\/wp\/v2\/posts"}],"about":[{"href":"https:\/\/staging.ordemdosfisioterapeutas.pt\/fr\/wp-json\/wp\/v2\/types\/post"}],"author":[{"embeddable":true,"href":"https:\/\/staging.ordemdosfisioterapeutas.pt\/fr\/wp-json\/wp\/v2\/users\/1"}],"replies":[{"embeddable":true,"href":"https:\/\/staging.ordemdosfisioterapeutas.pt\/fr\/wp-json\/wp\/v2\/comments?post=4296"}],"version-history":[{"count":0,"href":"https:\/\/staging.ordemdosfisioterapeutas.pt\/fr\/wp-json\/wp\/v2\/posts\/4296\/revisions"}],"wp:featuredmedia":[{"embeddable":true,"href":"https:\/\/staging.ordemdosfisioterapeutas.pt\/fr\/wp-json\/wp\/v2\/media\/4297"}],"wp:attachment":[{"href":"https:\/\/staging.ordemdosfisioterapeutas.pt\/fr\/wp-json\/wp\/v2\/media?parent=4296"}],"wp:term":[{"taxonomy":"category","embeddable":true,"href":"https:\/\/staging.ordemdosfisioterapeutas.pt\/fr\/wp-json\/wp\/v2\/categories?post=4296"},{"taxonomy":"post_tag","embeddable":true,"href":"https:\/\/staging.ordemdosfisioterapeutas.pt\/fr\/wp-json\/wp\/v2\/tags?post=4296"}],"curies":[{"name":"wp","href":"https:\/\/api.w.org\/{rel}","templated":true}]}}