{"id":4313,"date":"2022-04-08T15:42:09","date_gmt":"2022-04-08T14:42:09","guid":{"rendered":"https:\/\/staging.ordemdosfisioterapeutas.pt\/?p=4313"},"modified":"2022-04-11T10:10:08","modified_gmt":"2022-04-11T09:10:08","slug":"congresso-nacional-a-grande-idade-em-discussao","status":"publish","type":"post","link":"https:\/\/staging.ordemdosfisioterapeutas.pt\/fr\/noticias\/congresso-nacional-a-grande-idade-em-discussao\/","title":{"rendered":"Congr\u00e8s national - Le grand \u00e2ge de la discussion"},"content":{"rendered":"<div data-elementor-type=\"wp-post\" data-elementor-id=\"4313\" class=\"elementor elementor-4313\" data-elementor-post-type=\"post\">\n\t\t\t\t\t\t<section class=\"elementor-section elementor-top-section elementor-element elementor-element-eb0b29f elementor-section-boxed elementor-section-height-default elementor-section-height-default\" data-id=\"eb0b29f\" data-element_type=\"section\" data-e-type=\"section\">\n\t\t\t\t\t\t<div class=\"elementor-container elementor-column-gap-default\">\n\t\t\t\t\t<div class=\"elementor-column elementor-col-100 elementor-top-column elementor-element elementor-element-2ccb245\" data-id=\"2ccb245\" data-element_type=\"column\" data-e-type=\"column\">\n\t\t\t<div class=\"elementor-widget-wrap elementor-element-populated\">\n\t\t\t\t\t\t<div class=\"elementor-element elementor-element-dc0e563 elementor-widget elementor-widget-text-editor\" data-id=\"dc0e563\" data-element_type=\"widget\" data-e-type=\"widget\" data-widget_type=\"text-editor.default\">\n\t\t\t\t<div class=\"elementor-widget-container\">\n\t\t\t\t\t\t\t\t\t<p>Le 26 mars, Ant\u00f3nio Lopes, pr\u00e9sident de l'Association portugaise des physioth\u00e9rapeutes, a particip\u00e9 en tant qu'invit\u00e9 \u00e0 la conf\u00e9rence \"A Grande Idade em Discuss\u00e3o\", organis\u00e9e par l'Associa\u00e7\u00e3o Amigos da Grande Idade et l'Escola Superior de Sa\u00fade da Cruz Vermelha Portuguesa.<br \/>Le matin, le d\u00e9bat a port\u00e9 sur le th\u00e8me suivant : apr\u00e8s COVID, qu'en est-il de l'institutionnalisation des personnes \u00e2g\u00e9es au Portugal ?<br \/>L'apr\u00e8s-midi, le d\u00e9bat a port\u00e9 sur la question suivante : les services aux personnes \u00e2g\u00e9es sont-ils des services sociaux ou des services de sant\u00e9 ?<br \/>Dans ce contexte, le pr\u00e9sident de l'Ordre des kin\u00e9sith\u00e9rapeutes, qui a eu l'occasion de prendre la parole, a valoris\u00e9 l'intervention des kin\u00e9sith\u00e9rapeutes en tant que sp\u00e9cialistes du mouvement humain et de l'\u00e9valuation de la fonctionnalit\u00e9. Il a \u00e9galement soulign\u00e9 la n\u00e9cessit\u00e9 pour les physioth\u00e9rapeutes des soins de sant\u00e9 primaires d'intervenir dans la communaut\u00e9, ainsi que le besoin de continuit\u00e9 des soins pour les personnes \u00e2g\u00e9es.<br \/>La discussion qui a suivi, avec des interventions du public, a \u00e9galement port\u00e9 sur la question des profils et des qualifications des professionnels, plut\u00f4t dans le domaine social ou de la sant\u00e9, y compris la gestion des institutions, comme c'\u00e9tait le th\u00e8me de la session.<\/p><p>L'Ordre des kin\u00e9sith\u00e9rapeutes soutient qu'il existe un besoin de kin\u00e9sith\u00e9rapeutes dans les maisons de soins. Il est donc essentiel de soutenir, d'informer et de former les soignants afin de garantir la qualit\u00e9 des soins fournis par des professionnels de la sant\u00e9 sp\u00e9cialis\u00e9s dans leur domaine d'activit\u00e9.<br \/>Nous pensons que les soins de longue dur\u00e9e, d'une part, et les soins \u00e0 domicile, d'autre part, sont des domaines d'opportunit\u00e9 pour les physioth\u00e9rapeutes.<br \/>En particulier, la question de la prescription\/du conseil en mati\u00e8re d'aides techniques et d'adaptations du domicile, en collaboration avec les autorit\u00e9s locales, devrait \u00e9galement \u00eatre encourag\u00e9e et c'est un point que nous envisagerons \u00e9galement pour l'avenir de la kin\u00e9sith\u00e9rapie.<\/p>\t\t\t\t\t\t\t\t<\/div>\n\t\t\t\t<\/div>\n\t\t\t\t\t<\/div>\n\t\t<\/div>\n\t\t\t\t\t<\/div>\n\t\t<\/section>\n\t\t\t\t<\/div>","protected":false},"excerpt":{"rendered":"<p>Le 26 mars, Ant\u00f3nio Lopes, pr\u00e9sident de l'Association portugaise des physioth\u00e9rapeutes, a particip\u00e9 en tant qu'invit\u00e9 \u00e0 la conf\u00e9rence \"A Grande Idade em Discuss\u00e3o\", organis\u00e9e par l'Associa\u00e7\u00e3o Amigos da Grande Idade et l'Escola Superior de Sa\u00fade da Cruz Vermelha Portuguesa.<\/p>","protected":false},"author":1,"featured_media":4314,"comment_status":"closed","ping_status":"open","sticky":false,"template":"","format":"standard","meta":{"footnotes":""},"categories":[13],"tags":[],"class_list":["post-4313","post","type-post","status-publish","format-standard","has-post-thumbnail","hentry","category-noticias"],"_links":{"self":[{"href":"https:\/\/staging.ordemdosfisioterapeutas.pt\/fr\/wp-json\/wp\/v2\/posts\/4313","targetHints":{"allow":["GET"]}}],"collection":[{"href":"https:\/\/staging.ordemdosfisioterapeutas.pt\/fr\/wp-json\/wp\/v2\/posts"}],"about":[{"href":"https:\/\/staging.ordemdosfisioterapeutas.pt\/fr\/wp-json\/wp\/v2\/types\/post"}],"author":[{"embeddable":true,"href":"https:\/\/staging.ordemdosfisioterapeutas.pt\/fr\/wp-json\/wp\/v2\/users\/1"}],"replies":[{"embeddable":true,"href":"https:\/\/staging.ordemdosfisioterapeutas.pt\/fr\/wp-json\/wp\/v2\/comments?post=4313"}],"version-history":[{"count":0,"href":"https:\/\/staging.ordemdosfisioterapeutas.pt\/fr\/wp-json\/wp\/v2\/posts\/4313\/revisions"}],"wp:featuredmedia":[{"embeddable":true,"href":"https:\/\/staging.ordemdosfisioterapeutas.pt\/fr\/wp-json\/wp\/v2\/media\/4314"}],"wp:attachment":[{"href":"https:\/\/staging.ordemdosfisioterapeutas.pt\/fr\/wp-json\/wp\/v2\/media?parent=4313"}],"wp:term":[{"taxonomy":"category","embeddable":true,"href":"https:\/\/staging.ordemdosfisioterapeutas.pt\/fr\/wp-json\/wp\/v2\/categories?post=4313"},{"taxonomy":"post_tag","embeddable":true,"href":"https:\/\/staging.ordemdosfisioterapeutas.pt\/fr\/wp-json\/wp\/v2\/tags?post=4313"}],"curies":[{"name":"wp","href":"https:\/\/api.w.org\/{rel}","templated":true}]}}