{"id":4323,"date":"2022-04-12T21:11:04","date_gmt":"2022-04-12T20:11:04","guid":{"rendered":"https:\/\/staging.ordemdosfisioterapeutas.pt\/?p=4323"},"modified":"2022-04-12T21:13:50","modified_gmt":"2022-04-12T20:13:50","slug":"reuniao-com-a-ministra-marta-temido","status":"publish","type":"post","link":"https:\/\/staging.ordemdosfisioterapeutas.pt\/fr\/noticias\/reuniao-com-a-ministra-marta-temido\/","title":{"rendered":"R\u00e9union avec la ministre Marta Temido"},"content":{"rendered":"<div data-elementor-type=\"wp-post\" data-elementor-id=\"4323\" class=\"elementor elementor-4323\" data-elementor-post-type=\"post\">\n\t\t\t\t\t\t<section class=\"elementor-section elementor-top-section elementor-element elementor-element-89b25e0 elementor-section-boxed elementor-section-height-default elementor-section-height-default\" data-id=\"89b25e0\" data-element_type=\"section\" data-e-type=\"section\">\n\t\t\t\t\t\t<div class=\"elementor-container elementor-column-gap-default\">\n\t\t\t\t\t<div class=\"elementor-column elementor-col-100 elementor-top-column elementor-element elementor-element-5b14c30\" data-id=\"5b14c30\" data-element_type=\"column\" data-e-type=\"column\">\n\t\t\t<div class=\"elementor-widget-wrap elementor-element-populated\">\n\t\t\t\t\t\t<div class=\"elementor-element elementor-element-1ea8ab9 elementor-widget elementor-widget-text-editor\" data-id=\"1ea8ab9\" data-element_type=\"widget\" data-e-type=\"widget\" data-widget_type=\"text-editor.default\">\n\t\t\t\t<div class=\"elementor-widget-container\">\n\t\t\t\t\t\t\t\t\t<p>Dans le cadre de la pr\u00e9sentation du programme gouvernemental, l'Ordre des kin\u00e9sith\u00e9rapeutes a rencontr\u00e9 hier le ministre de la Sant\u00e9 dans une s\u00e9quence de rencontres individuelles impliquant les Ordres professionnels.<\/p><p>Lors de cette r\u00e9union, les \u00e9l\u00e9ments constitutifs du minist\u00e8re de la sant\u00e9 et leurs fonctions respectives ont \u00e9t\u00e9 pr\u00e9sent\u00e9s. Le minist\u00e8re a pr\u00e9sent\u00e9 le programme du gouvernement et a \u00e9cout\u00e9 les besoins des professionnels. Le Conseil de l'Ordre a soulign\u00e9 la n\u00e9cessit\u00e9 de disposer d'unit\u00e9s de physioth\u00e9rapie fonctionnelles et l'importance d'enregistrer les actes inh\u00e9rents \u00e0 la profession, ainsi que d'\u00e9tablir le profil professionnel du physioth\u00e9rapeute.   La loi fondamentale sur la sant\u00e9 et le statut de la SNS ont \u00e9galement \u00e9t\u00e9 discut\u00e9s au cours de la r\u00e9union.\u00a0<\/p><p>L'Ordre a \u00e9galement montr\u00e9 sa volont\u00e9 d'apporter les clarifications n\u00e9cessaires dans son activit\u00e9 gouvernementale.\u00a0<\/p><p>Le minist\u00e8re de la sant\u00e9 \u00e9tait repr\u00e9sent\u00e9 par la ministre de la sant\u00e9, Marta Temido, le secr\u00e9taire d'\u00c9tat adjoint \u00e0 la sant\u00e9, Ant\u00f3nio Lacerda Sales, la secr\u00e9taire d'\u00c9tat \u00e0 la sant\u00e9, Maria de F\u00e1tima Fonseca, et leurs chefs de cabinet respectifs du minist\u00e8re de la sant\u00e9.<\/p><p>Le pr\u00e9sident de l'Ordre des physioth\u00e9rapeutes, Ant\u00f3nio Lopes, et le premier vice-pr\u00e9sident, Nuno Cordeiro, \u00e9taient pr\u00e9sents.<\/p>\t\t\t\t\t\t\t\t<\/div>\n\t\t\t\t<\/div>\n\t\t\t\t\t<\/div>\n\t\t<\/div>\n\t\t\t\t\t<\/div>\n\t\t<\/section>\n\t\t\t\t<\/div>","protected":false},"excerpt":{"rendered":"<p>Dans le cadre de la pr\u00e9sentation du programme gouvernemental, l'Ordre des kin\u00e9sith\u00e9rapeutes a rencontr\u00e9 hier le ministre de la Sant\u00e9 dans une s\u00e9quence de rencontres individuelles impliquant les Ordres professionnels.<\/p>","protected":false},"author":1,"featured_media":4324,"comment_status":"closed","ping_status":"open","sticky":false,"template":"","format":"standard","meta":{"footnotes":""},"categories":[13],"tags":[],"class_list":["post-4323","post","type-post","status-publish","format-standard","has-post-thumbnail","hentry","category-noticias"],"_links":{"self":[{"href":"https:\/\/staging.ordemdosfisioterapeutas.pt\/fr\/wp-json\/wp\/v2\/posts\/4323","targetHints":{"allow":["GET"]}}],"collection":[{"href":"https:\/\/staging.ordemdosfisioterapeutas.pt\/fr\/wp-json\/wp\/v2\/posts"}],"about":[{"href":"https:\/\/staging.ordemdosfisioterapeutas.pt\/fr\/wp-json\/wp\/v2\/types\/post"}],"author":[{"embeddable":true,"href":"https:\/\/staging.ordemdosfisioterapeutas.pt\/fr\/wp-json\/wp\/v2\/users\/1"}],"replies":[{"embeddable":true,"href":"https:\/\/staging.ordemdosfisioterapeutas.pt\/fr\/wp-json\/wp\/v2\/comments?post=4323"}],"version-history":[{"count":0,"href":"https:\/\/staging.ordemdosfisioterapeutas.pt\/fr\/wp-json\/wp\/v2\/posts\/4323\/revisions"}],"wp:featuredmedia":[{"embeddable":true,"href":"https:\/\/staging.ordemdosfisioterapeutas.pt\/fr\/wp-json\/wp\/v2\/media\/4324"}],"wp:attachment":[{"href":"https:\/\/staging.ordemdosfisioterapeutas.pt\/fr\/wp-json\/wp\/v2\/media?parent=4323"}],"wp:term":[{"taxonomy":"category","embeddable":true,"href":"https:\/\/staging.ordemdosfisioterapeutas.pt\/fr\/wp-json\/wp\/v2\/categories?post=4323"},{"taxonomy":"post_tag","embeddable":true,"href":"https:\/\/staging.ordemdosfisioterapeutas.pt\/fr\/wp-json\/wp\/v2\/tags?post=4323"}],"curies":[{"name":"wp","href":"https:\/\/api.w.org\/{rel}","templated":true}]}}