{"id":4335,"date":"2022-04-18T21:33:05","date_gmt":"2022-04-18T20:33:05","guid":{"rendered":"https:\/\/staging.ordemdosfisioterapeutas.pt\/?p=4335"},"modified":"2022-04-18T21:35:18","modified_gmt":"2022-04-18T20:35:18","slug":"saude-sustentavel-de-tods-para-tods","status":"publish","type":"post","link":"https:\/\/staging.ordemdosfisioterapeutas.pt\/fr\/noticias\/saude-sustentavel-de-tods-para-tods\/","title":{"rendered":"Sant\u00e9 durable : de chacun \u00e0 tous"},"content":{"rendered":"<div data-elementor-type=\"wp-post\" data-elementor-id=\"4335\" class=\"elementor elementor-4335\" data-elementor-post-type=\"post\">\n\t\t\t\t\t\t<section class=\"elementor-section elementor-top-section elementor-element elementor-element-95a3d3e elementor-section-boxed elementor-section-height-default elementor-section-height-default\" data-id=\"95a3d3e\" data-element_type=\"section\" data-e-type=\"section\">\n\t\t\t\t\t\t<div class=\"elementor-container elementor-column-gap-default\">\n\t\t\t\t\t<div class=\"elementor-column elementor-col-100 elementor-top-column elementor-element elementor-element-89ec5df\" data-id=\"89ec5df\" data-element_type=\"column\" data-e-type=\"column\">\n\t\t\t<div class=\"elementor-widget-wrap elementor-element-populated\">\n\t\t\t\t\t\t<div class=\"elementor-element elementor-element-8c4d0b2 elementor-widget elementor-widget-text-editor\" data-id=\"8c4d0b2\" data-element_type=\"widget\" data-e-type=\"widget\" data-widget_type=\"text-editor.default\">\n\t\t\t\t<div class=\"elementor-widget-container\">\n\t\t\t\t\t\t\t\t\t<p>Le Conseil de l'Ordre des avocats portugais informe que le Plan national de sant\u00e9 2021-2030 est disponible pour consultation publique sur le site web <a href=\"http:\/\/www.pns.dgs.pt\">www.pns.dgs.pt<\/a>.\u00a0<\/p><p>L'Ordre des physioth\u00e9rapeutes, en tant que comit\u00e9 d'installation, a fait partie du comit\u00e9 de suivi et analyse actuellement le document qui vient d'\u00eatre publi\u00e9.<\/p><p>Le Plan national de sant\u00e9 est un document et un processus de collaboration en construction, m\u00eame pendant sa mise en \u0153uvre. Participer au PNS, c'est pouvoir influencer l'\u00e9tat de la sant\u00e9 au Portugal au cours des dix prochaines ann\u00e9es, car il s'agit d'un document qui oriente la politique publique portugaise.\u00a0<\/p><p>Nous sommes tous des acteurs de la sant\u00e9, nous avons la possibilit\u00e9 et la responsabilit\u00e9 de participer \u00e0 sa construction, et la participation est essentielle pour parvenir \u00e0 une \"sant\u00e9 durable : par tous pour tous\".<\/p><p>Participez activement via le site web mentionn\u00e9 ci-dessus, ou envoyez-nous vos contributions avant le 29 avril \u00e0 l'adresse suivante : <span style=\"text-decoration: underline;\"><a href=\"mailto:pns-21-30@ordemdosfisioterapeutas.pt\">pns-21-30@ordemdosfisioterapeutas.pt<\/a><\/span><\/p>\t\t\t\t\t\t\t\t<\/div>\n\t\t\t\t<\/div>\n\t\t\t\t\t<\/div>\n\t\t<\/div>\n\t\t\t\t\t<\/div>\n\t\t<\/section>\n\t\t\t\t<\/div>","protected":false},"excerpt":{"rendered":"<p>Le Conseil de l'Ordre des avocats portugais informe que le Plan national de sant\u00e9 2021-2030 est disponible pour consultation publique \u00e0 l'adresse suivante : www.pns.dgs.pt. <\/p>","protected":false},"author":1,"featured_media":4336,"comment_status":"closed","ping_status":"open","sticky":false,"template":"","format":"standard","meta":{"footnotes":""},"categories":[13],"tags":[],"class_list":["post-4335","post","type-post","status-publish","format-standard","has-post-thumbnail","hentry","category-noticias"],"_links":{"self":[{"href":"https:\/\/staging.ordemdosfisioterapeutas.pt\/fr\/wp-json\/wp\/v2\/posts\/4335","targetHints":{"allow":["GET"]}}],"collection":[{"href":"https:\/\/staging.ordemdosfisioterapeutas.pt\/fr\/wp-json\/wp\/v2\/posts"}],"about":[{"href":"https:\/\/staging.ordemdosfisioterapeutas.pt\/fr\/wp-json\/wp\/v2\/types\/post"}],"author":[{"embeddable":true,"href":"https:\/\/staging.ordemdosfisioterapeutas.pt\/fr\/wp-json\/wp\/v2\/users\/1"}],"replies":[{"embeddable":true,"href":"https:\/\/staging.ordemdosfisioterapeutas.pt\/fr\/wp-json\/wp\/v2\/comments?post=4335"}],"version-history":[{"count":0,"href":"https:\/\/staging.ordemdosfisioterapeutas.pt\/fr\/wp-json\/wp\/v2\/posts\/4335\/revisions"}],"wp:featuredmedia":[{"embeddable":true,"href":"https:\/\/staging.ordemdosfisioterapeutas.pt\/fr\/wp-json\/wp\/v2\/media\/4336"}],"wp:attachment":[{"href":"https:\/\/staging.ordemdosfisioterapeutas.pt\/fr\/wp-json\/wp\/v2\/media?parent=4335"}],"wp:term":[{"taxonomy":"category","embeddable":true,"href":"https:\/\/staging.ordemdosfisioterapeutas.pt\/fr\/wp-json\/wp\/v2\/categories?post=4335"},{"taxonomy":"post_tag","embeddable":true,"href":"https:\/\/staging.ordemdosfisioterapeutas.pt\/fr\/wp-json\/wp\/v2\/tags?post=4335"}],"curies":[{"name":"wp","href":"https:\/\/api.w.org\/{rel}","templated":true}]}}