{"id":4357,"date":"2022-04-22T16:15:34","date_gmt":"2022-04-22T15:15:34","guid":{"rendered":"https:\/\/staging.ordemdosfisioterapeutas.pt\/?p=4357"},"modified":"2022-04-22T16:23:47","modified_gmt":"2022-04-22T15:23:47","slug":"enefft-2022-ordem-dos-fisioterapeutas-esteve-presente","status":"publish","type":"post","link":"https:\/\/staging.ordemdosfisioterapeutas.pt\/fr\/noticias\/enefft-2022-ordem-dos-fisioterapeutas-esteve-presente\/","title":{"rendered":"ENEFFT 2022, l'Ordre des kin\u00e9sith\u00e9rapeutes \u00e9tait pr\u00e9sent"},"content":{"rendered":"<div data-elementor-type=\"wp-post\" data-elementor-id=\"4357\" class=\"elementor elementor-4357\" data-elementor-post-type=\"post\">\n\t\t\t\t\t\t<section class=\"elementor-section elementor-top-section elementor-element elementor-element-016629e elementor-section-boxed elementor-section-height-default elementor-section-height-default\" data-id=\"016629e\" data-element_type=\"section\" data-e-type=\"section\">\n\t\t\t\t\t\t<div class=\"elementor-container elementor-column-gap-default\">\n\t\t\t\t\t<div class=\"elementor-column elementor-col-100 elementor-top-column elementor-element elementor-element-2139db8\" data-id=\"2139db8\" data-element_type=\"column\" data-e-type=\"column\">\n\t\t\t<div class=\"elementor-widget-wrap elementor-element-populated\">\n\t\t\t\t\t\t<div class=\"elementor-element elementor-element-098e465 elementor-widget elementor-widget-text-editor\" data-id=\"098e465\" data-element_type=\"widget\" data-e-type=\"widget\" data-widget_type=\"text-editor.default\">\n\t\t\t\t<div class=\"elementor-widget-container\">\n\t\t\t\t\t\t\t\t\t<p>Le Conseil de l'Ordre des kin\u00e9sith\u00e9rapeutes \u00e9tait pr\u00e9sent \u00e0 la Rencontre nationale des \u00e9tudiants en kin\u00e9sith\u00e9rapie (ENEFt), qui s'est d\u00e9roul\u00e9e du 8 au 12 avril 2022. Le pr\u00e9sident de l'Ordre, le professeur Ant\u00f3nio Lopes, et les membres du Conseil, les physioth\u00e9rapeutes Afonso Neutel et Pedro Rebelo, \u00e9taient pr\u00e9sents.<\/p><p>Le 9 avril, l'Ordre \u00e9tait pr\u00e9sent \u00e0 la table d'ouverture et a tenu une r\u00e9union de travail avec l'Association nationale des jeunes physioth\u00e9rapeutes (ANJF), au cours de laquelle les principales priorit\u00e9s pour le d\u00e9veloppement de la physioth\u00e9rapie au Portugal ont \u00e9t\u00e9 discut\u00e9es et les principales pr\u00e9occupations des jeunes physioth\u00e9rapeutes ont \u00e9t\u00e9 entendues.  Le Conseil de l'Ordre et l'ANJF ont l'intention de tenir des r\u00e9unions r\u00e9guli\u00e8res dans le but de promouvoir le d\u00e9veloppement collaboratif de la physioth\u00e9rapie au Portugal.  Le professeur Ant\u00f3nio Lopes et le physioth\u00e9rapeute Afonso Neutel, repr\u00e9sentant l'Ordre, ont assist\u00e9 \u00e0 cette r\u00e9union. Au nom de l'ANJF, la pr\u00e9sidente \u00e9tait la physioth\u00e9rapeute Teresa Miguel, la tr\u00e9sori\u00e8re \u00e9tait la physioth\u00e9rapeute Sofia Tavares et les membres \u00e9taient Ana Rosa Coelho, Beatriz Silva et Constan\u00e7a Carreira.<\/p><p>Le 11 avril, l'Ordre \u00e9tait pr\u00e9sent \u00e0 la Fisiomeeting sur le th\u00e8me \"Qu'est-ce qui change \u00e0 l'Ordre ?\", au cours de laquelle le physioth\u00e9rapeute Pedro Rebelo a eu l'occasion d'aborder le sujet, qui s'est d\u00e9roul\u00e9 de mani\u00e8re tr\u00e8s proactive et enrichissante, sous forme de questions-r\u00e9ponses, ce qui a permis de faire passer un message important et instructif sur le r\u00f4le de l'Ordre.\u00a0<\/p>\t\t\t\t\t\t\t\t<\/div>\n\t\t\t\t<\/div>\n\t\t\t\t<div class=\"elementor-element elementor-element-4437790 elementor-arrows-position-inside elementor-pagination-position-outside elementor-widget elementor-widget-image-carousel\" data-id=\"4437790\" data-element_type=\"widget\" data-e-type=\"widget\" data-settings=\"{&quot;navigation&quot;:&quot;both&quot;,&quot;autoplay&quot;:&quot;yes&quot;,&quot;pause_on_hover&quot;:&quot;yes&quot;,&quot;pause_on_interaction&quot;:&quot;yes&quot;,&quot;autoplay_speed&quot;:5000,&quot;infinite&quot;:&quot;yes&quot;,&quot;speed&quot;:500}\" data-widget_type=\"image-carousel.default\">\n\t\t\t\t<div class=\"elementor-widget-container\">\n\t\t\t\t\t\t\t<div class=\"elementor-image-carousel-wrapper swiper\" role=\"region\" aria-roledescription=\"carousel\" aria-label=\"Carrousel d&#039;images\" dir=\"ltr\">\n\t\t\t<div class=\"elementor-image-carousel swiper-wrapper\" aria-live=\"off\">\n\t\t\t\t\t\t\t\t<div class=\"swiper-slide\" role=\"group\" aria-roledescription=\"slide\" aria-label=\"1 sur 3\"><figure class=\"swiper-slide-inner\"><img decoding=\"async\" class=\"swiper-slide-image\" src=\"https:\/\/staging.ordemdosfisioterapeutas.pt\/wp-content\/uploads\/2022\/04\/Mesa-de-abertura-300x200.jpg\" alt=\"Mesa de abertura\" \/><figcaption class=\"elementor-image-carousel-caption\">Tableau d'ouverture<\/figcaption><\/figure><\/div><div class=\"swiper-slide\" role=\"group\" aria-roledescription=\"slide\" aria-label=\"2 sur 3\"><figure class=\"swiper-slide-inner\"><img decoding=\"async\" class=\"swiper-slide-image\" src=\"https:\/\/staging.ordemdosfisioterapeutas.pt\/wp-content\/uploads\/2022\/04\/Reuniao-com-ANJF-300x200.jpg\" alt=\"Reuni\u00e3o com ANJF\" \/><figcaption class=\"elementor-image-carousel-caption\">R\u00e9union avec l'ANJF<\/figcaption><\/figure><\/div><div class=\"swiper-slide\" role=\"group\" aria-roledescription=\"slide\" aria-label=\"3 sur 3\"><figure class=\"swiper-slide-inner\"><img decoding=\"async\" class=\"swiper-slide-image\" src=\"https:\/\/staging.ordemdosfisioterapeutas.pt\/wp-content\/uploads\/2022\/04\/Fisiomeeting-com-Pedro-Rebelo-300x200.jpg\" alt=\"Fisiomeeting com Pedro Rebelo\" \/><figcaption class=\"elementor-image-carousel-caption\">Physiomeeting avec Pedro Rebelo<\/figcaption><\/figure><\/div>\t\t\t<\/div>\n\t\t\t\t\t\t\t\t\t\t\t\t<div class=\"elementor-swiper-button elementor-swiper-button-prev\" role=\"button\" tabindex=\"0\">\n\t\t\t\t\t\t<i aria-hidden=\"true\" class=\"eicon-chevron-left\"><\/i>\t\t\t\t\t<\/div>\n\t\t\t\t\t<div class=\"elementor-swiper-button elementor-swiper-button-next\" role=\"button\" tabindex=\"0\">\n\t\t\t\t\t\t<i aria-hidden=\"true\" class=\"eicon-chevron-right\"><\/i>\t\t\t\t\t<\/div>\n\t\t\t\t\n\t\t\t\t\t\t\t\t\t<div class=\"swiper-pagination\"><\/div>\n\t\t\t\t\t\t\t\t\t<\/div>\n\t\t\t\t\t\t<\/div>\n\t\t\t\t<\/div>\n\t\t\t\t\t<\/div>\n\t\t<\/div>\n\t\t\t\t\t<\/div>\n\t\t<\/section>\n\t\t\t\t<\/div>","protected":false},"excerpt":{"rendered":"<p>Le Conseil de l'Ordre des kin\u00e9sith\u00e9rapeutes \u00e9tait pr\u00e9sent \u00e0 la Rencontre nationale des \u00e9tudiants en kin\u00e9sith\u00e9rapie (ENEFt), qui s'est d\u00e9roul\u00e9e du 8 au 12 avril 2022.<\/p>","protected":false},"author":1,"featured_media":4358,"comment_status":"closed","ping_status":"open","sticky":false,"template":"","format":"standard","meta":{"footnotes":""},"categories":[13],"tags":[],"class_list":["post-4357","post","type-post","status-publish","format-standard","has-post-thumbnail","hentry","category-noticias"],"_links":{"self":[{"href":"https:\/\/staging.ordemdosfisioterapeutas.pt\/fr\/wp-json\/wp\/v2\/posts\/4357","targetHints":{"allow":["GET"]}}],"collection":[{"href":"https:\/\/staging.ordemdosfisioterapeutas.pt\/fr\/wp-json\/wp\/v2\/posts"}],"about":[{"href":"https:\/\/staging.ordemdosfisioterapeutas.pt\/fr\/wp-json\/wp\/v2\/types\/post"}],"author":[{"embeddable":true,"href":"https:\/\/staging.ordemdosfisioterapeutas.pt\/fr\/wp-json\/wp\/v2\/users\/1"}],"replies":[{"embeddable":true,"href":"https:\/\/staging.ordemdosfisioterapeutas.pt\/fr\/wp-json\/wp\/v2\/comments?post=4357"}],"version-history":[{"count":0,"href":"https:\/\/staging.ordemdosfisioterapeutas.pt\/fr\/wp-json\/wp\/v2\/posts\/4357\/revisions"}],"wp:featuredmedia":[{"embeddable":true,"href":"https:\/\/staging.ordemdosfisioterapeutas.pt\/fr\/wp-json\/wp\/v2\/media\/4358"}],"wp:attachment":[{"href":"https:\/\/staging.ordemdosfisioterapeutas.pt\/fr\/wp-json\/wp\/v2\/media?parent=4357"}],"wp:term":[{"taxonomy":"category","embeddable":true,"href":"https:\/\/staging.ordemdosfisioterapeutas.pt\/fr\/wp-json\/wp\/v2\/categories?post=4357"},{"taxonomy":"post_tag","embeddable":true,"href":"https:\/\/staging.ordemdosfisioterapeutas.pt\/fr\/wp-json\/wp\/v2\/tags?post=4357"}],"curies":[{"name":"wp","href":"https:\/\/api.w.org\/{rel}","templated":true}]}}