{"id":4452,"date":"2022-05-13T10:14:18","date_gmt":"2022-05-13T09:14:18","guid":{"rendered":"https:\/\/staging.ordemdosfisioterapeutas.pt\/?p=4452"},"modified":"2022-06-07T19:56:22","modified_gmt":"2022-06-07T18:56:22","slug":"reuniao-com-a-associacao-portuguesa-do-ensino-superior-privado","status":"publish","type":"post","link":"https:\/\/staging.ordemdosfisioterapeutas.pt\/fr\/noticias\/reuniao-com-a-associacao-portuguesa-do-ensino-superior-privado\/","title":{"rendered":"R\u00e9union avec l'Association portugaise de l'enseignement sup\u00e9rieur priv\u00e9"},"content":{"rendered":"<div data-elementor-type=\"wp-post\" data-elementor-id=\"4452\" class=\"elementor elementor-4452\" data-elementor-post-type=\"post\">\n\t\t\t\t\t\t<section class=\"elementor-section elementor-top-section elementor-element elementor-element-a722cae elementor-section-boxed elementor-section-height-default elementor-section-height-default\" data-id=\"a722cae\" data-element_type=\"section\" data-e-type=\"section\">\n\t\t\t\t\t\t<div class=\"elementor-container elementor-column-gap-default\">\n\t\t\t\t\t<div class=\"elementor-column elementor-col-100 elementor-top-column elementor-element elementor-element-f251c6c\" data-id=\"f251c6c\" data-element_type=\"column\" data-e-type=\"column\">\n\t\t\t<div class=\"elementor-widget-wrap elementor-element-populated\">\n\t\t\t\t\t\t<div class=\"elementor-element elementor-element-b2bdfc4 elementor-widget elementor-widget-text-editor\" data-id=\"b2bdfc4\" data-element_type=\"widget\" data-e-type=\"widget\" data-widget_type=\"text-editor.default\">\n\t\t\t\t<div class=\"elementor-widget-container\">\n\t\t\t\t\t\t\t\t\t<p>Le Conseil de l'Ordre des kin\u00e9sith\u00e9rapeutes a rencontr\u00e9 l'Association portugaise de l'enseignement sup\u00e9rieur priv\u00e9 le 9 mai en vue d'une collaboration strat\u00e9gique avec les \u00e9tablissements d'enseignement sup\u00e9rieur qui forment \u00e0 la kin\u00e9sith\u00e9rapie, tout en respectant leur autonomie p\u00e9dagogique et scientifique.<\/p><p>Il s'agissait donc d'une r\u00e9union :<\/p><p>- Accueil et disponibilit\u00e9 pour une collaboration avec l'APESP et les diff\u00e9rents \u00e9tablissements d'enseignement sup\u00e9rieur,<\/p><p>- Un r\u00e9sum\u00e9 du plan d'activit\u00e9s de l'Ordre des kin\u00e9sith\u00e9rapeutes ;<\/p><p>- Les diff\u00e9rentes formes de collaboration interinstitutionnelle possibles sont envisag\u00e9es, notamment en ce qui concerne la formation de premier cycle, de master et de doctorat.\u00a0<\/p>\t\t\t\t\t\t\t\t<\/div>\n\t\t\t\t<\/div>\n\t\t\t\t\t<\/div>\n\t\t<\/div>\n\t\t\t\t\t<\/div>\n\t\t<\/section>\n\t\t\t\t<\/div>","protected":false},"excerpt":{"rendered":"<p>Le Conseil de l'Ordre des kin\u00e9sith\u00e9rapeutes a rencontr\u00e9 l'Association portugaise de l'enseignement sup\u00e9rieur priv\u00e9 le 9 mai en vue d'une collaboration strat\u00e9gique avec les \u00e9tablissements d'enseignement sup\u00e9rieur qui forment \u00e0 la kin\u00e9sith\u00e9rapie, tout en respectant leur autonomie p\u00e9dagogique et scientifique.<\/p>","protected":false},"author":1,"featured_media":4453,"comment_status":"closed","ping_status":"open","sticky":false,"template":"","format":"standard","meta":{"footnotes":""},"categories":[13],"tags":[],"class_list":["post-4452","post","type-post","status-publish","format-standard","has-post-thumbnail","hentry","category-noticias"],"_links":{"self":[{"href":"https:\/\/staging.ordemdosfisioterapeutas.pt\/fr\/wp-json\/wp\/v2\/posts\/4452","targetHints":{"allow":["GET"]}}],"collection":[{"href":"https:\/\/staging.ordemdosfisioterapeutas.pt\/fr\/wp-json\/wp\/v2\/posts"}],"about":[{"href":"https:\/\/staging.ordemdosfisioterapeutas.pt\/fr\/wp-json\/wp\/v2\/types\/post"}],"author":[{"embeddable":true,"href":"https:\/\/staging.ordemdosfisioterapeutas.pt\/fr\/wp-json\/wp\/v2\/users\/1"}],"replies":[{"embeddable":true,"href":"https:\/\/staging.ordemdosfisioterapeutas.pt\/fr\/wp-json\/wp\/v2\/comments?post=4452"}],"version-history":[{"count":0,"href":"https:\/\/staging.ordemdosfisioterapeutas.pt\/fr\/wp-json\/wp\/v2\/posts\/4452\/revisions"}],"wp:featuredmedia":[{"embeddable":true,"href":"https:\/\/staging.ordemdosfisioterapeutas.pt\/fr\/wp-json\/wp\/v2\/media\/4453"}],"wp:attachment":[{"href":"https:\/\/staging.ordemdosfisioterapeutas.pt\/fr\/wp-json\/wp\/v2\/media?parent=4452"}],"wp:term":[{"taxonomy":"category","embeddable":true,"href":"https:\/\/staging.ordemdosfisioterapeutas.pt\/fr\/wp-json\/wp\/v2\/categories?post=4452"},{"taxonomy":"post_tag","embeddable":true,"href":"https:\/\/staging.ordemdosfisioterapeutas.pt\/fr\/wp-json\/wp\/v2\/tags?post=4452"}],"curies":[{"name":"wp","href":"https:\/\/api.w.org\/{rel}","templated":true}]}}