{"id":4624,"date":"2022-06-07T19:46:28","date_gmt":"2022-06-07T18:46:28","guid":{"rendered":"https:\/\/staging.ordemdosfisioterapeutas.pt\/?p=4624"},"modified":"2022-06-07T19:49:48","modified_gmt":"2022-06-07T18:49:48","slug":"encontro-da-ordem-dos-fisioterapeutas-com-a-associacao-portuguesa-de-fisioterapeutas","status":"publish","type":"post","link":"https:\/\/staging.ordemdosfisioterapeutas.pt\/fr\/noticias\/encontro-da-ordem-dos-fisioterapeutas-com-a-associacao-portuguesa-de-fisioterapeutas\/","title":{"rendered":"R\u00e9union de l'Ordre portugais des physioth\u00e9rapeutes avec l'Association portugaise des physioth\u00e9rapeutes"},"content":{"rendered":"<div data-elementor-type=\"wp-post\" data-elementor-id=\"4624\" class=\"elementor elementor-4624\" data-elementor-post-type=\"post\">\n\t\t\t\t\t\t<section class=\"elementor-section elementor-top-section elementor-element elementor-element-22ea99c elementor-section-boxed elementor-section-height-default elementor-section-height-default\" data-id=\"22ea99c\" data-element_type=\"section\" data-e-type=\"section\">\n\t\t\t\t\t\t<div class=\"elementor-container elementor-column-gap-default\">\n\t\t\t\t\t<div class=\"elementor-column elementor-col-100 elementor-top-column elementor-element elementor-element-05bb866\" data-id=\"05bb866\" data-element_type=\"column\" data-e-type=\"column\">\n\t\t\t<div class=\"elementor-widget-wrap elementor-element-populated\">\n\t\t\t\t\t\t<div class=\"elementor-element elementor-element-2225b80 elementor-widget elementor-widget-text-editor\" data-id=\"2225b80\" data-element_type=\"widget\" data-e-type=\"widget\" data-widget_type=\"text-editor.default\">\n\t\t\t\t<div class=\"elementor-widget-container\">\n\t\t\t\t\t\t\t\t\t<p>Le Conseil de l'Ordre des physioth\u00e9rapeutes (OF) a rencontr\u00e9 le nouveau Conseil national de direction de l'Association portugaise des physioth\u00e9rapeutes (APFISIO).<\/p><p>La r\u00e9union, qui a eu lieu le 10 mai, s'est d\u00e9roul\u00e9e en pr\u00e9sence du pr\u00e9sident Ant\u00f3nio Lopes et des membres Pedro Rebelo et Afonso Neutel, repr\u00e9sentant l'Ordre, et de la pr\u00e9sidente Maria Jo\u00e3o Bigode et du vice-pr\u00e9sident S\u00e9rgio Neto, repr\u00e9sentant l'Association.<\/p><p>Les organes directeurs nouvellement \u00e9lus de l'APFISIO ont \u00e9t\u00e9 salu\u00e9s et les questions les plus importantes de la relation institutionnelle entre l'Ordre et l'Association ont \u00e9t\u00e9 analys\u00e9es, conform\u00e9ment au protocole d'accord sign\u00e9 en 2020, dans lequel il a \u00e9t\u00e9 convenu d'\u00e9tablir les conditions progressives et n\u00e9cessaires pour que, d\u00e8s que possible, l'Ordre des physioth\u00e9rapeutes ait un si\u00e8ge, par affiliation, au sein de la physioth\u00e9rapie mondiale.<\/p><p>Dans ce contexte, l'Ordre, en tant que structure qui r\u00e9gule la physioth\u00e9rapie et les physioth\u00e9rapeutes au Portugal, a inform\u00e9 qu'il formaliserait sa candidature \u00e0 la physioth\u00e9rapie mondiale (WP), avec effet en janvier 2023, et l'APFISIO a naturellement reconnu cette candidature.<\/p><p>Afin de ne pas interrompre brutalement le travail effectu\u00e9 par les groupes d'int\u00e9r\u00eat de l'APFISIO, qui perdraient automatiquement leur repr\u00e9sentation internationale au sein du WP, l'Ordre des physioth\u00e9rapeutes a garanti qu'il veillera \u00e0 ce que le travail des groupes d'int\u00e9r\u00eat de l'APFISIO se poursuive. <em>approbation<\/em> de tous les groupes, \u00e0 titre transitoire, jusqu'\u00e0 ce que les structures repr\u00e9sentatives de l'Ordre soient en mesure d'adh\u00e9rer \u00e0 l'organisation internationale. \u00a0\u00a0<\/p><p>\u00a0Les <em>approbation <\/em>sera analys\u00e9 en temps utile par l'Ordre avec chaque groupe d'int\u00e9r\u00eat individuellement et avec le Conseil d'administration national de l'APFisio, en fonction des caract\u00e9ristiques et des besoins de chacun.<\/p><p>L'Ordre des physioth\u00e9rapeutes et l'Association portugaise des physioth\u00e9rapeutes ont \u00e9galement convenu de tenir des r\u00e9unions r\u00e9guli\u00e8res afin de clarifier leurs r\u00f4les respectifs dans la poursuite des objectifs de d\u00e9veloppement de la physioth\u00e9rapie au Portugal et d'am\u00e9lioration de l'alphab\u00e9tisation, \u00e9tape importante dans l'affirmation de la profession.<\/p><p>\u00a0<\/p>\t\t\t\t\t\t\t\t<\/div>\n\t\t\t\t<\/div>\n\t\t\t\t\t<\/div>\n\t\t<\/div>\n\t\t\t\t\t<\/div>\n\t\t<\/section>\n\t\t\t\t<\/div>","protected":false},"excerpt":{"rendered":"<p>Le Conseil de l'Ordre des physioth\u00e9rapeutes (OF) a rencontr\u00e9 le nouveau Conseil national de direction de l'Association portugaise des physioth\u00e9rapeutes (APFISIO).<\/p>","protected":false},"author":1,"featured_media":4625,"comment_status":"closed","ping_status":"open","sticky":false,"template":"","format":"standard","meta":{"footnotes":""},"categories":[13],"tags":[],"class_list":["post-4624","post","type-post","status-publish","format-standard","has-post-thumbnail","hentry","category-noticias"],"_links":{"self":[{"href":"https:\/\/staging.ordemdosfisioterapeutas.pt\/fr\/wp-json\/wp\/v2\/posts\/4624","targetHints":{"allow":["GET"]}}],"collection":[{"href":"https:\/\/staging.ordemdosfisioterapeutas.pt\/fr\/wp-json\/wp\/v2\/posts"}],"about":[{"href":"https:\/\/staging.ordemdosfisioterapeutas.pt\/fr\/wp-json\/wp\/v2\/types\/post"}],"author":[{"embeddable":true,"href":"https:\/\/staging.ordemdosfisioterapeutas.pt\/fr\/wp-json\/wp\/v2\/users\/1"}],"replies":[{"embeddable":true,"href":"https:\/\/staging.ordemdosfisioterapeutas.pt\/fr\/wp-json\/wp\/v2\/comments?post=4624"}],"version-history":[{"count":0,"href":"https:\/\/staging.ordemdosfisioterapeutas.pt\/fr\/wp-json\/wp\/v2\/posts\/4624\/revisions"}],"wp:featuredmedia":[{"embeddable":true,"href":"https:\/\/staging.ordemdosfisioterapeutas.pt\/fr\/wp-json\/wp\/v2\/media\/4625"}],"wp:attachment":[{"href":"https:\/\/staging.ordemdosfisioterapeutas.pt\/fr\/wp-json\/wp\/v2\/media?parent=4624"}],"wp:term":[{"taxonomy":"category","embeddable":true,"href":"https:\/\/staging.ordemdosfisioterapeutas.pt\/fr\/wp-json\/wp\/v2\/categories?post=4624"},{"taxonomy":"post_tag","embeddable":true,"href":"https:\/\/staging.ordemdosfisioterapeutas.pt\/fr\/wp-json\/wp\/v2\/tags?post=4624"}],"curies":[{"name":"wp","href":"https:\/\/api.w.org\/{rel}","templated":true}]}}