{"id":4630,"date":"2022-06-07T19:52:39","date_gmt":"2022-06-07T18:52:39","guid":{"rendered":"https:\/\/staging.ordemdosfisioterapeutas.pt\/?p=4630"},"modified":"2022-06-07T19:55:07","modified_gmt":"2022-06-07T18:55:07","slug":"13a-assembleia-geral-da-regiao-europa-da-world-physiotherapy","status":"publish","type":"post","link":"https:\/\/staging.ordemdosfisioterapeutas.pt\/fr\/noticias\/13a-assembleia-geral-da-regiao-europa-da-world-physiotherapy\/","title":{"rendered":"13\u00e8me Assembl\u00e9e g\u00e9n\u00e9rale de la \"World Physiotherapy Europe Region\"."},"content":{"rendered":"<div data-elementor-type=\"wp-post\" data-elementor-id=\"4630\" class=\"elementor elementor-4630\" data-elementor-post-type=\"post\">\n\t\t\t\t\t\t<section class=\"elementor-section elementor-top-section elementor-element elementor-element-10adc89 elementor-section-boxed elementor-section-height-default elementor-section-height-default\" data-id=\"10adc89\" data-element_type=\"section\" data-e-type=\"section\">\n\t\t\t\t\t\t<div class=\"elementor-container elementor-column-gap-default\">\n\t\t\t\t\t<div class=\"elementor-column elementor-col-100 elementor-top-column elementor-element elementor-element-ff7f2b2\" data-id=\"ff7f2b2\" data-element_type=\"column\" data-e-type=\"column\">\n\t\t\t<div class=\"elementor-widget-wrap elementor-element-populated\">\n\t\t\t\t\t\t<div class=\"elementor-element elementor-element-098f33c elementor-widget elementor-widget-text-editor\" data-id=\"098f33c\" data-element_type=\"widget\" data-e-type=\"widget\" data-widget_type=\"text-editor.default\">\n\t\t\t\t<div class=\"elementor-widget-container\">\n\t\t\t\t\t\t\t\t\t<p>Le pr\u00e9sident de l'Ordre des physioth\u00e9rapeutes, Ant\u00f3nio Lopes, \u00e9tait pr\u00e9sent en tant qu'observateur \u00e0 la 13e assembl\u00e9e g\u00e9n\u00e9rale de la \"World Physiotherapy Europe Region\", qui s'est tenue les 19 et 20 mai \u00e0 Prague, en R\u00e9publique tch\u00e8que. La participation d'Ant\u00f3nio Lopes, qui a d\u00e9j\u00e0 \u00e9t\u00e9 <em>pr\u00e9sident<\/em> de cette organisation entre 1998 et 2010, lui a permis de prendre connaissance des travaux en cours et des priorit\u00e9s pour les deux prochaines ann\u00e9es d'activit\u00e9, que l'Ordre prendra en charge lorsqu'il deviendra membre. L'Ordre des kin\u00e9sith\u00e9rapeutes a d'ores et d\u00e9j\u00e0 demand\u00e9 \u00e0 adh\u00e9rer \u00e0 World Physiotherapy, avec effet en janvier 2023.<\/p><p>Parmi les projets en cours \u00e0 World Physiotherapy figurent le programme visant \u00e0 faire conna\u00eetre l'importance de la physioth\u00e9rapie dans la pr\u00e9vention et la r\u00e9adaptation des affections oncologiques, dans le cadre du plan europ\u00e9en intitul\u00e9 \"EU Commission Beating Cancer Plan\", et \"InAbled Cities : Developing Inclusive urban environments for physical activity for people with disabilities and senior citizens\", un programme qui vise \u00e0 promouvoir l'activit\u00e9 physique en milieu urbain pour les personnes handicap\u00e9es et\/ou \u00e2g\u00e9es de plus de 65 ans.<\/p><p>Lors de la 13e assembl\u00e9e g\u00e9n\u00e9rale de la r\u00e9gion Europe de la physioth\u00e9rapie mondiale, les questions relatives au soutien et au d\u00e9veloppement de la recherche en physioth\u00e9rapie et \u00e0 la d\u00e9finition des comp\u00e9tences minimales qui devraient \u00eatre exig\u00e9es dans la formation initiale pour l'acc\u00e8s \u00e0 la profession ont \u00e9galement \u00e9t\u00e9 abord\u00e9es.<\/p><p>En participant \u00e0 cette organisation r\u00e9gionale de la physioth\u00e9rapie mondiale, l'Ordre des physioth\u00e9rapeutes vise \u00e0 maintenir une relation et une interaction \u00e9troites avec les organisations repr\u00e9sentant les physioth\u00e9rapeutes des 37 pays qui composent l'Ordre.<\/p><p>Pour en savoir plus sur la r\u00e9gion Europe de World Physiotherapy, consultez le site -\u00a0<span style=\"text-decoration: underline;\"><a href=\"https:\/\/www.erwcpt.eu\/\">https:\/\/www.erwcpt.eu\/<\/a><\/span><\/p>\t\t\t\t\t\t\t\t<\/div>\n\t\t\t\t<\/div>\n\t\t\t\t\t<\/div>\n\t\t<\/div>\n\t\t\t\t\t<\/div>\n\t\t<\/section>\n\t\t\t\t<\/div>","protected":false},"excerpt":{"rendered":"<p>Le Pr\u00e9sident de l'Ordre des Physioth\u00e9rapeutes Portugais, Ant\u00f3nio Lopes, \u00e9tait pr\u00e9sent, en tant qu'observateur, \u00e0 la 13\u00e8me Assembl\u00e9e G\u00e9n\u00e9rale de la \"World Physiotherapy Europe Region\", qui a eu lieu les 19 et 20 mai, \u00e0 Prague, en R\u00e9publique Tch\u00e8que. <\/p>","protected":false},"author":1,"featured_media":4635,"comment_status":"closed","ping_status":"open","sticky":false,"template":"","format":"standard","meta":{"footnotes":""},"categories":[13],"tags":[],"class_list":["post-4630","post","type-post","status-publish","format-standard","has-post-thumbnail","hentry","category-noticias"],"_links":{"self":[{"href":"https:\/\/staging.ordemdosfisioterapeutas.pt\/fr\/wp-json\/wp\/v2\/posts\/4630","targetHints":{"allow":["GET"]}}],"collection":[{"href":"https:\/\/staging.ordemdosfisioterapeutas.pt\/fr\/wp-json\/wp\/v2\/posts"}],"about":[{"href":"https:\/\/staging.ordemdosfisioterapeutas.pt\/fr\/wp-json\/wp\/v2\/types\/post"}],"author":[{"embeddable":true,"href":"https:\/\/staging.ordemdosfisioterapeutas.pt\/fr\/wp-json\/wp\/v2\/users\/1"}],"replies":[{"embeddable":true,"href":"https:\/\/staging.ordemdosfisioterapeutas.pt\/fr\/wp-json\/wp\/v2\/comments?post=4630"}],"version-history":[{"count":0,"href":"https:\/\/staging.ordemdosfisioterapeutas.pt\/fr\/wp-json\/wp\/v2\/posts\/4630\/revisions"}],"wp:featuredmedia":[{"embeddable":true,"href":"https:\/\/staging.ordemdosfisioterapeutas.pt\/fr\/wp-json\/wp\/v2\/media\/4635"}],"wp:attachment":[{"href":"https:\/\/staging.ordemdosfisioterapeutas.pt\/fr\/wp-json\/wp\/v2\/media?parent=4630"}],"wp:term":[{"taxonomy":"category","embeddable":true,"href":"https:\/\/staging.ordemdosfisioterapeutas.pt\/fr\/wp-json\/wp\/v2\/categories?post=4630"},{"taxonomy":"post_tag","embeddable":true,"href":"https:\/\/staging.ordemdosfisioterapeutas.pt\/fr\/wp-json\/wp\/v2\/tags?post=4630"}],"curies":[{"name":"wp","href":"https:\/\/api.w.org\/{rel}","templated":true}]}}