{"id":4695,"date":"2022-06-24T11:07:45","date_gmt":"2022-06-24T10:07:45","guid":{"rendered":"https:\/\/staging.ordemdosfisioterapeutas.pt\/?p=4695"},"modified":"2022-11-15T19:38:44","modified_gmt":"2022-11-15T19:38:44","slug":"fisioterapeutas-seguro-de-responsabilidade-civil-profissional","status":"publish","type":"post","link":"https:\/\/staging.ordemdosfisioterapeutas.pt\/fr\/noticias\/fisioterapeutas-seguro-de-responsabilidade-civil-profissional\/","title":{"rendered":"Physioth\u00e9rapeutes : assurance responsabilit\u00e9 civile professionnelle"},"content":{"rendered":"<div data-elementor-type=\"wp-post\" data-elementor-id=\"4695\" class=\"elementor elementor-4695\" data-elementor-post-type=\"post\">\n\t\t\t\t\t\t<section class=\"elementor-section elementor-top-section elementor-element elementor-element-203cc1a elementor-section-boxed elementor-section-height-default elementor-section-height-default\" data-id=\"203cc1a\" data-element_type=\"section\" data-e-type=\"section\">\n\t\t\t\t\t\t<div class=\"elementor-container elementor-column-gap-default\">\n\t\t\t\t\t<div class=\"elementor-column elementor-col-100 elementor-top-column elementor-element elementor-element-1f2197b\" data-id=\"1f2197b\" data-element_type=\"column\" data-e-type=\"column\">\n\t\t\t<div class=\"elementor-widget-wrap elementor-element-populated\">\n\t\t\t\t\t\t<div class=\"elementor-element elementor-element-8afbe76 elementor-widget elementor-widget-text-editor\" data-id=\"8afbe76\" data-element_type=\"widget\" data-e-type=\"widget\" data-widget_type=\"text-editor.default\">\n\t\t\t\t<div class=\"elementor-widget-container\">\n\t\t\t\t\t\t\t\t\t<p>L'assurance responsabilit\u00e9 civile professionnelle est d\u00e9sormais en vigueur, suite \u00e0 l'adoption de la loi sur l'assurance responsabilit\u00e9 civile professionnelle. <a href=\"https:\/\/staging.ordemdosfisioterapeutas.pt\/fr\/concursos\/\" target=\"_blank\" rel=\"noopener\"><u>appel d'offres public <\/u><\/a>promu par l'Ordre des physioth\u00e9rapeutes. La proposition gagnante de Fidelidade - Companhia de Seguros S.A., qui sera r\u00e9alis\u00e9e par Willis, Corretores de Seguros S.A., offre des conditions et des garanties sp\u00e9cifiques pour tous les physioth\u00e9rapeutes inscrits \u00e0 l'Ordre qui n'ont pas fait l'objet d'une suspension ou d'une annulation de leur inscription. Vous pouvez consulter la police et la foire aux questions sur l'assurance de la responsabilit\u00e9 civile professionnelle \u00e0 l'adresse suivante <span style=\"text-decoration: underline;\"><a href=\"https:\/\/portal.ordemdosfisioterapeutas.pt\/\" target=\"_blank\" rel=\"noopener\">domaine r\u00e9serv\u00e9<\/a><\/span>.<\/p><p>En souscrivant cette assurance, l'Ordre r\u00e9pond ainsi \u00e0 l'obligation l\u00e9gale pour tous les membres d'avoir une assurance responsabilit\u00e9 civile et reste engag\u00e9 \u00e0 construire les fondations d'un Ordre des physioth\u00e9rapeutes fort qui r\u00e9glemente la profession et repr\u00e9sente ses professionnels, tout en prot\u00e9geant les utilisateurs des services de physioth\u00e9rapie.\u00a0<\/p>\t\t\t\t\t\t\t\t<\/div>\n\t\t\t\t<\/div>\n\t\t\t\t\t<\/div>\n\t\t<\/div>\n\t\t\t\t\t<\/div>\n\t\t<\/section>\n\t\t\t\t<section class=\"elementor-section elementor-top-section elementor-element elementor-element-1737c3c elementor-section-boxed elementor-section-height-default elementor-section-height-default\" data-id=\"1737c3c\" data-element_type=\"section\" data-e-type=\"section\">\n\t\t\t\t\t\t<div class=\"elementor-container elementor-column-gap-default\">\n\t\t\t\t\t<div class=\"elementor-column elementor-col-100 elementor-top-column elementor-element elementor-element-e4f85e7\" data-id=\"e4f85e7\" data-element_type=\"column\" data-e-type=\"column\">\n\t\t\t<div class=\"elementor-widget-wrap elementor-element-populated\">\n\t\t\t\t\t\t<div class=\"elementor-element elementor-element-0ba7f07 elementor-widget elementor-widget-heading\" data-id=\"0ba7f07\" data-element_type=\"widget\" data-e-type=\"widget\" data-widget_type=\"heading.default\">\n\t\t\t\t<div class=\"elementor-widget-container\">\n\t\t\t\t\t<h2 class=\"elementor-heading-title elementor-size-default\">Comp\u00e9tition<\/h2>\t\t\t\t<\/div>\n\t\t\t\t<\/div>\n\t\t\t\t\t<\/div>\n\t\t<\/div>\n\t\t\t\t\t<\/div>\n\t\t<\/section>\n\t\t\t\t<section class=\"elementor-section elementor-top-section elementor-element elementor-element-0610bb3 elementor-section-boxed elementor-section-height-default elementor-section-height-default\" data-id=\"0610bb3\" data-element_type=\"section\" data-e-type=\"section\">\n\t\t\t\t\t\t<div class=\"elementor-container elementor-column-gap-default\">\n\t\t\t\t\t<div class=\"elementor-column elementor-col-100 elementor-top-column elementor-element elementor-element-323a218\" data-id=\"323a218\" data-element_type=\"column\" data-e-type=\"column\">\n\t\t\t<div class=\"elementor-widget-wrap elementor-element-populated\">\n\t\t\t\t\t\t<div class=\"elementor-element elementor-element-f3c4078 elementor-widget elementor-widget-text-editor\" data-id=\"f3c4078\" data-element_type=\"widget\" data-e-type=\"widget\" data-widget_type=\"text-editor.default\">\n\t\t\t\t<div class=\"elementor-widget-container\">\n\t\t\t\t\t\t\t\t\t<ul><li>Appel d'offres public pour l'acquisition de services d'assurance responsabilit\u00e9 civile professionnelle pour les membres de l'Ordre des kin\u00e9sith\u00e9rapeutes.<\/li><\/ul>\t\t\t\t\t\t\t\t<\/div>\n\t\t\t\t<\/div>\n\t\t\t\t<section class=\"elementor-section elementor-inner-section elementor-element elementor-element-01b4858 elementor-section-boxed elementor-section-height-default elementor-section-height-default\" data-id=\"01b4858\" data-element_type=\"section\" data-e-type=\"section\">\n\t\t\t\t\t\t<div class=\"elementor-container elementor-column-gap-default\">\n\t\t\t\t\t<div class=\"elementor-column elementor-col-33 elementor-inner-column elementor-element elementor-element-e970623\" data-id=\"e970623\" data-element_type=\"column\" data-e-type=\"column\">\n\t\t\t<div class=\"elementor-widget-wrap elementor-element-populated\">\n\t\t\t\t\t\t<div class=\"elementor-element elementor-element-cd833e4 elementor-align-left elementor-widget elementor-widget-button\" data-id=\"cd833e4\" data-element_type=\"widget\" data-e-type=\"widget\" data-widget_type=\"button.default\">\n\t\t\t\t<div class=\"elementor-widget-container\">\n\t\t\t\t\t\t\t\t\t<div class=\"elementor-button-wrapper\">\n\t\t\t\t\t<a class=\"elementor-button elementor-button-link elementor-size-sm\" href=\"https:\/\/staging.ordemdosfisioterapeutas.pt\/wp-content\/uploads\/2022\/03\/Programa-do-Concurso-1-2022.pdf\" target=\"_blank\">\n\t\t\t\t\t\t<span class=\"elementor-button-content-wrapper\">\n\t\t\t\t\t\t\t\t\t<span class=\"elementor-button-text\">Programme du concours<\/span>\n\t\t\t\t\t<\/span>\n\t\t\t\t\t<\/a>\n\t\t\t\t<\/div>\n\t\t\t\t\t\t\t\t<\/div>\n\t\t\t\t<\/div>\n\t\t\t\t\t<\/div>\n\t\t<\/div>\n\t\t\t\t<div class=\"elementor-column elementor-col-33 elementor-inner-column elementor-element elementor-element-40e350c\" data-id=\"40e350c\" data-element_type=\"column\" data-e-type=\"column\">\n\t\t\t<div class=\"elementor-widget-wrap elementor-element-populated\">\n\t\t\t\t\t\t<div class=\"elementor-element elementor-element-6de479c elementor-align-left elementor-widget elementor-widget-button\" data-id=\"6de479c\" data-element_type=\"widget\" data-e-type=\"widget\" data-widget_type=\"button.default\">\n\t\t\t\t<div class=\"elementor-widget-container\">\n\t\t\t\t\t\t\t\t\t<div class=\"elementor-button-wrapper\">\n\t\t\t\t\t<a class=\"elementor-button elementor-button-link elementor-size-sm\" href=\"https:\/\/staging.ordemdosfisioterapeutas.pt\/wp-content\/uploads\/2022\/03\/Caderno-de-Encargos-1-2022.pdf\" target=\"_blank\">\n\t\t\t\t\t\t<span class=\"elementor-button-content-wrapper\">\n\t\t\t\t\t\t\t\t\t<span class=\"elementor-button-text\">Sp\u00e9cifications<\/span>\n\t\t\t\t\t<\/span>\n\t\t\t\t\t<\/a>\n\t\t\t\t<\/div>\n\t\t\t\t\t\t\t\t<\/div>\n\t\t\t\t<\/div>\n\t\t\t\t\t<\/div>\n\t\t<\/div>\n\t\t\t\t<div class=\"elementor-column elementor-col-33 elementor-inner-column elementor-element elementor-element-cec8dbc\" data-id=\"cec8dbc\" data-element_type=\"column\" data-e-type=\"column\">\n\t\t\t<div class=\"elementor-widget-wrap elementor-element-populated\">\n\t\t\t\t\t\t<div class=\"elementor-element elementor-element-7f87b5b elementor-align-left elementor-widget elementor-widget-button\" data-id=\"7f87b5b\" data-element_type=\"widget\" data-e-type=\"widget\" data-widget_type=\"button.default\">\n\t\t\t\t<div class=\"elementor-widget-container\">\n\t\t\t\t\t\t\t\t\t<div class=\"elementor-button-wrapper\">\n\t\t\t\t\t<a class=\"elementor-button elementor-button-link elementor-size-sm\" href=\"https:\/\/staging.ordemdosfisioterapeutas.pt\/wp-content\/uploads\/2022\/03\/Anuncio-Publicado-DRE-Seguro-RC.pdf\" target=\"_blank\">\n\t\t\t\t\t\t<span class=\"elementor-button-content-wrapper\">\n\t\t\t\t\t\t\t\t\t<span class=\"elementor-button-text\">DRE - Annonce 2856\/2022*<\/span>\n\t\t\t\t\t<\/span>\n\t\t\t\t\t<\/a>\n\t\t\t\t<\/div>\n\t\t\t\t\t\t\t\t<\/div>\n\t\t\t\t<\/div>\n\t\t\t\t\t<\/div>\n\t\t<\/div>\n\t\t\t\t\t<\/div>\n\t\t<\/section>\n\t\t\t\t<div class=\"elementor-element elementor-element-79d7139 elementor-widget elementor-widget-text-editor\" data-id=\"79d7139\" data-element_type=\"widget\" data-e-type=\"widget\" data-widget_type=\"text-editor.default\">\n\t\t\t\t<div class=\"elementor-widget-container\">\n\t\t\t\t\t\t\t\t\t<ul><li>Date limite de remise des offres : le 29\/03\/2022 \u00e0 18 heures (article 11, paragraphe 1, du CP)<\/li><li>Date limite de soumission des demandes de clarification - 18h00 le 16\/03\/2022 (Art. 4(2) du CP)<\/li><li>Les courtiers en assurance peuvent \u00eatre des concurrents.<\/li><\/ul><p>*2\u00e8me s\u00e9rie, n\u00b0 48 du 09\/03\/2023, Partie L - March\u00e9s publics<\/p>\t\t\t\t\t\t\t\t<\/div>\n\t\t\t\t<\/div>\n\t\t\t\t<div class=\"elementor-element elementor-element-de9623b elementor-widget elementor-widget-heading\" data-id=\"de9623b\" data-element_type=\"widget\" data-e-type=\"widget\" data-widget_type=\"heading.default\">\n\t\t\t\t<div class=\"elementor-widget-container\">\n\t\t\t\t\t<h3 class=\"elementor-heading-title elementor-size-default\">Propositions re\u00e7ues<\/h3>\t\t\t\t<\/div>\n\t\t\t\t<\/div>\n\t\t\t\t<div class=\"elementor-element elementor-element-4e8829d elementor-widget elementor-widget-text-editor\" data-id=\"4e8829d\" data-element_type=\"widget\" data-e-type=\"widget\" data-widget_type=\"text-editor.default\">\n\t\t\t\t<div class=\"elementor-widget-container\">\n\t\t\t\t\t\t\t\t\t<p>Apr\u00e8s la date limite, les propositions suivantes ont \u00e9t\u00e9 re\u00e7ues par courrier \u00e9lectronique :<\/p>\t\t\t\t\t\t\t\t<\/div>\n\t\t\t\t<\/div>\n\t\t\t\t<div class=\"elementor-element elementor-element-8407142 elementor-widget elementor-widget-shortcode\" data-id=\"8407142\" data-element_type=\"widget\" data-e-type=\"widget\" data-widget_type=\"shortcode.default\">\n\t\t\t\t<div class=\"elementor-widget-container\">\n\t\t\t\t\t\t\t<div class=\"elementor-shortcode\">\n<table id=\"tablepress-17\" class=\"tablepress tablepress-id-17\">\n<thead>\n<tr class=\"row-1\">\n\t<th class=\"column-1\">Entreprise<br \/>\n<\/th><th class=\"column-2\">Date de soumission de l'offre<\/th><th class=\"column-3\">L'heure<\/th>\n<\/tr>\n<\/thead>\n<tbody class=\"row-striping row-hover\">\n<tr class=\"row-2\">\n\t<td class=\"column-1\">Assurance Melior<\/td><td class=\"column-2\">29\/Mars<\/td><td class=\"column-3\">11:43<\/td>\n<\/tr>\n<tr class=\"row-3\">\n\t<td class=\"column-1\">Lusitania<\/td><td class=\"column-2\">29\/Mars<\/td><td class=\"column-3\">15:37<\/td>\n<\/tr>\n<tr class=\"row-4\">\n\t<td class=\"column-1\">Willis - Courtiers en assurance<\/td><td class=\"column-2\">29\/Mars<\/td><td class=\"column-3\">17:48<\/td>\n<\/tr>\n<tr class=\"row-5\">\n\t<td class=\"column-1\">Nouvel appel - M\u00e9diation en assurance<\/td><td class=\"column-2\">29\/Mars<\/td><td class=\"column-3\">18:07<\/td>\n<\/tr>\n<\/tbody>\n<\/table>\n<!-- #tablepress-17 from cache --><\/div>\n\t\t\t\t\t\t<\/div>\n\t\t\t\t<\/div>\n\t\t\t\t<div class=\"elementor-element elementor-element-7e76016 elementor-widget elementor-widget-heading\" data-id=\"7e76016\" data-element_type=\"widget\" data-e-type=\"widget\" data-widget_type=\"heading.default\">\n\t\t\t\t<div class=\"elementor-widget-container\">\n\t\t\t\t\t<h3 class=\"elementor-heading-title elementor-size-default\">Propositions accept\u00e9es \/ exclues<\/h3>\t\t\t\t<\/div>\n\t\t\t\t<\/div>\n\t\t\t\t<div class=\"elementor-element elementor-element-d387be5 elementor-widget elementor-widget-text-editor\" data-id=\"d387be5\" data-element_type=\"widget\" data-e-type=\"widget\" data-widget_type=\"text-editor.default\">\n\t\t\t\t<div class=\"elementor-widget-container\">\n\t\t\t\t\t\t\t\t\t<p>Sur d\u00e9cision du jury, les propositions des soumissionnaires ont \u00e9t\u00e9 consid\u00e9r\u00e9es comme recevables :<\/p>\n<ul>\n<li>Assurance Melior<\/li>\n<li>Lusitania<\/li>\n<li>Willis - Courtiers en assurance<\/li>\n<\/ul>\n<p>La candidature de New-Call - Media\u00e7\u00e3o de Seguros a \u00e9t\u00e9 rejet\u00e9e parce qu'elle n'a pas soumis sa proposition dans les d\u00e9lais impartis, ni tous les documents requis dans le cahier des charges.<\/p>\t\t\t\t\t\t\t\t<\/div>\n\t\t\t\t<\/div>\n\t\t\t\t\t<\/div>\n\t\t<\/div>\n\t\t\t\t\t<\/div>\n\t\t<\/section>\n\t\t\t\t<\/div>","protected":false},"excerpt":{"rendered":"<p>L'assurance responsabilit\u00e9 civile professionnelle est d\u00e9j\u00e0 en vigueur, suite au concours public promu par l'Ordre des kin\u00e9sith\u00e9rapeutes. <\/p>","protected":false},"author":1,"featured_media":4696,"comment_status":"closed","ping_status":"open","sticky":false,"template":"","format":"standard","meta":{"footnotes":""},"categories":[13],"tags":[],"class_list":["post-4695","post","type-post","status-publish","format-standard","has-post-thumbnail","hentry","category-noticias"],"_links":{"self":[{"href":"https:\/\/staging.ordemdosfisioterapeutas.pt\/fr\/wp-json\/wp\/v2\/posts\/4695","targetHints":{"allow":["GET"]}}],"collection":[{"href":"https:\/\/staging.ordemdosfisioterapeutas.pt\/fr\/wp-json\/wp\/v2\/posts"}],"about":[{"href":"https:\/\/staging.ordemdosfisioterapeutas.pt\/fr\/wp-json\/wp\/v2\/types\/post"}],"author":[{"embeddable":true,"href":"https:\/\/staging.ordemdosfisioterapeutas.pt\/fr\/wp-json\/wp\/v2\/users\/1"}],"replies":[{"embeddable":true,"href":"https:\/\/staging.ordemdosfisioterapeutas.pt\/fr\/wp-json\/wp\/v2\/comments?post=4695"}],"version-history":[{"count":0,"href":"https:\/\/staging.ordemdosfisioterapeutas.pt\/fr\/wp-json\/wp\/v2\/posts\/4695\/revisions"}],"wp:featuredmedia":[{"embeddable":true,"href":"https:\/\/staging.ordemdosfisioterapeutas.pt\/fr\/wp-json\/wp\/v2\/media\/4696"}],"wp:attachment":[{"href":"https:\/\/staging.ordemdosfisioterapeutas.pt\/fr\/wp-json\/wp\/v2\/media?parent=4695"}],"wp:term":[{"taxonomy":"category","embeddable":true,"href":"https:\/\/staging.ordemdosfisioterapeutas.pt\/fr\/wp-json\/wp\/v2\/categories?post=4695"},{"taxonomy":"post_tag","embeddable":true,"href":"https:\/\/staging.ordemdosfisioterapeutas.pt\/fr\/wp-json\/wp\/v2\/tags?post=4695"}],"curies":[{"name":"wp","href":"https:\/\/api.w.org\/{rel}","templated":true}]}}