{"id":4731,"date":"2022-06-23T16:15:00","date_gmt":"2022-06-23T15:15:00","guid":{"rendered":"https:\/\/staging.ordemdosfisioterapeutas.pt\/?p=4731"},"modified":"2022-06-29T13:49:34","modified_gmt":"2022-06-29T12:49:34","slug":"bastonario-da-ordem-dos-fisioterapeutas-participou-na-discussao-do-plano-estrategico-da-escola-superior-de-saude-de-santa-maria","status":"publish","type":"post","link":"https:\/\/staging.ordemdosfisioterapeutas.pt\/fr\/noticias\/bastonario-da-ordem-dos-fisioterapeutas-participou-na-discussao-do-plano-estrategico-da-escola-superior-de-saude-de-santa-maria\/","title":{"rendered":"Le pr\u00e9sident de l'Ordre des physioth\u00e9rapeutes a particip\u00e9 \u00e0 la discussion du plan strat\u00e9gique de l'\u00c9cole de sant\u00e9 de Santa Maria"},"content":{"rendered":"<div data-elementor-type=\"wp-post\" data-elementor-id=\"4731\" class=\"elementor elementor-4731\" data-elementor-post-type=\"post\">\n\t\t\t\t\t\t<section class=\"elementor-section elementor-top-section elementor-element elementor-element-cdd773a elementor-section-boxed elementor-section-height-default elementor-section-height-default\" data-id=\"cdd773a\" data-element_type=\"section\" data-e-type=\"section\">\n\t\t\t\t\t\t<div class=\"elementor-container elementor-column-gap-default\">\n\t\t\t\t\t<div class=\"elementor-column elementor-col-100 elementor-top-column elementor-element elementor-element-b71993b\" data-id=\"b71993b\" data-element_type=\"column\" data-e-type=\"column\">\n\t\t\t<div class=\"elementor-widget-wrap elementor-element-populated\">\n\t\t\t\t\t\t<div class=\"elementor-element elementor-element-de92d94 elementor-widget elementor-widget-text-editor\" data-id=\"de92d94\" data-element_type=\"widget\" data-e-type=\"widget\" data-widget_type=\"text-editor.default\">\n\t\t\t\t<div class=\"elementor-widget-container\">\n\t\t\t\t\t\t\t\t\t<p>Le pr\u00e9sident de l'ordre des physioth\u00e9rapeutes portugais, Ant\u00f3nio Lopes, a \u00e9t\u00e9 invit\u00e9 \u00e0 participer \u00e0 la discussion du plan strat\u00e9gique de l'\u00e9cole de sant\u00e9 Santa Maria (ESSSM) pour les ann\u00e9es 2023-2027, qui a eu lieu le 4 juin, au Col\u00e9gio Luso-Franc\u00eas, \u00e0 Porto, en pr\u00e9sence du conseil d'administration, des enseignants, du personnel, des \u00e9tudiants et des partenaires de l'ESSSM.<\/p><p>Avec une r\u00e9flexion centr\u00e9e sur l'histoire et l'avenir de la physioth\u00e9rapie, le pr\u00e9sident a pr\u00e9sent\u00e9 la perspective int\u00e9gr\u00e9e du travail que l'Ordre fait pour d\u00e9velopper et affirmer la profession. Ant\u00f3nio Lopes a soulign\u00e9 qu'il existe trois forces motrices derri\u00e8re le d\u00e9veloppement de la profession : une centr\u00e9e sur le cadre r\u00e9glementaire (l\u00e9gislatif) et la planification des ressources humaines dans le domaine de la sant\u00e9 ; une centr\u00e9e sur la production et la pr\u00e9paration des ressources humaines n\u00e9cessaires et une troisi\u00e8me qui emploie les ressources humaines existantes. Il a soulign\u00e9 que, bien que chaque p\u00f4le ait des acteurs, des d\u00e9cideurs et une dynamique diff\u00e9rents, les trois s'influencent mutuellement et qu'un changement dans un p\u00f4le peut avoir un impact sur les autres.<\/p><p>De cette r\u00e9flexion sont n\u00e9s les trois piliers qui guident le mandat de l'actuel Conseil de l'Ordre des physioth\u00e9rapeutes :<\/p><p><strong>- La physioth\u00e9rapie, en tant que discipline scientifique<\/strong> (un centre d'\u00e9ducation et de recherche fondamentale et sp\u00e9cialis\u00e9e) ;<\/p><p><strong>- La physioth\u00e9rapie, une profession r\u00e9glement\u00e9e<\/strong> (p\u00f4le du cadre r\u00e9glementaire - auquel s'ajoute d\u00e9sormais l'autor\u00e9gulation, et la red\u00e9finition du profil professionnel, la cr\u00e9ation du code de d\u00e9ontologie et des normes techniques ;<\/p><p><strong>- La physioth\u00e9rapie en tant que service<\/strong> (un centre pour l'emploi et l'utilisation des physioth\u00e9rapeutes, dans une vari\u00e9t\u00e9 de secteurs et de contextes).<\/p><p>Dans ce contexte, le Pr\u00e9sident a profit\u00e9 de l'occasion pour souligner l'importance d'un travail conjoint et r\u00e9gulier entre les \u00e9tablissements d'enseignement sup\u00e9rieur et l'Ordre des physioth\u00e9rapeutes, afin de maximiser les gains que le r\u00f4le r\u00e9glementaire de l'Ordre pourrait avoir sur l'\u00e9ducation et la fourniture efficace de services de physioth\u00e9rapie.<\/p>\t\t\t\t\t\t\t\t<\/div>\n\t\t\t\t<\/div>\n\t\t\t\t<div class=\"elementor-element elementor-element-095173d elementor-widget elementor-widget-gallery\" data-id=\"095173d\" data-element_type=\"widget\" data-e-type=\"widget\" data-settings=\"{&quot;lazyload&quot;:&quot;yes&quot;,&quot;gallery_layout&quot;:&quot;grid&quot;,&quot;columns&quot;:4,&quot;columns_tablet&quot;:2,&quot;columns_mobile&quot;:1,&quot;gap&quot;:{&quot;unit&quot;:&quot;px&quot;,&quot;size&quot;:10,&quot;sizes&quot;:[]},&quot;gap_tablet&quot;:{&quot;unit&quot;:&quot;px&quot;,&quot;size&quot;:10,&quot;sizes&quot;:[]},&quot;gap_mobile&quot;:{&quot;unit&quot;:&quot;px&quot;,&quot;size&quot;:10,&quot;sizes&quot;:[]},&quot;link_to&quot;:&quot;file&quot;,&quot;aspect_ratio&quot;:&quot;3:2&quot;,&quot;overlay_background&quot;:&quot;yes&quot;,&quot;content_hover_animation&quot;:&quot;fade-in&quot;}\" data-widget_type=\"gallery.default\">\n\t\t\t\t<div class=\"elementor-widget-container\">\n\t\t\t\t\t\t\t<div class=\"elementor-gallery__container\">\n\t\t\t\t\t\t\t<a class=\"e-gallery-item elementor-gallery-item elementor-animated-content\" href=\"https:\/\/staging.ordemdosfisioterapeutas.pt\/wp-content\/uploads\/2022\/06\/IMG_4045.jpg\" data-elementor-open-lightbox=\"yes\" data-elementor-lightbox-slideshow=\"095173d\" data-elementor-lightbox-title=\"Baston\u00e1rio da Ordem dos Fisioterapeutas participou na discuss\u00e3o do Plano Estrat\u00e9gico da Escola Superior de Sa\u00fade de Santa Maria\" data-elementor-lightbox-description=\"Baston\u00e1rio da Ordem dos Fisioterapeutas participou na discuss\u00e3o do Plano Estrat\u00e9gico da Escola Superior de Sa\u00fade de Santa Maria\" data-e-action-hash=\"#elementor-action%3Aaction%3Dlightbox%26settings%3DeyJpZCI6NDc0MSwidXJsIjoiaHR0cHM6XC9cL3N0YWdpbmcub3JkZW1kb3NmaXNpb3RlcmFwZXV0YXMucHRcL3dwLWNvbnRlbnRcL3VwbG9hZHNcLzIwMjJcLzA2XC9JTUdfNDA0NS5qcGciLCJzbGlkZXNob3ciOiIwOTUxNzNkIn0%3D\">\n\t\t\t\t\t<div class=\"e-gallery-image elementor-gallery-item__image\" data-thumbnail=\"https:\/\/staging.ordemdosfisioterapeutas.pt\/wp-content\/uploads\/2022\/06\/IMG_4045-300x200.jpg\" data-width=\"300\" data-height=\"200\" aria-label=\"Le pr\u00e9sident de l&#039;Ordre des physioth\u00e9rapeutes a particip\u00e9 \u00e0 la discussion du plan strat\u00e9gique de l&#039;\u00c9cole de sant\u00e9 de Santa Maria\" role=\"img\" ><\/div>\n\t\t\t\t\t\t\t\t\t\t\t<div class=\"elementor-gallery-item__overlay\"><\/div>\n\t\t\t\t\t\t\t\t\t\t\t\t\t\t<\/a>\n\t\t\t\t\t\t\t<a class=\"e-gallery-item elementor-gallery-item elementor-animated-content\" href=\"https:\/\/staging.ordemdosfisioterapeutas.pt\/wp-content\/uploads\/2022\/06\/IMG_4031.jpg\" data-elementor-open-lightbox=\"yes\" data-elementor-lightbox-slideshow=\"095173d\" data-elementor-lightbox-title=\"Baston\u00e1rio da Ordem dos Fisioterapeutas participou na discuss\u00e3o do Plano Estrat\u00e9gico da Escola Superior de Sa\u00fade de Santa Maria\" data-elementor-lightbox-description=\"Baston\u00e1rio da Ordem dos Fisioterapeutas participou na discuss\u00e3o do Plano Estrat\u00e9gico da Escola Superior de Sa\u00fade de Santa Maria\" data-e-action-hash=\"#elementor-action%3Aaction%3Dlightbox%26settings%3DeyJpZCI6NDc0MiwidXJsIjoiaHR0cHM6XC9cL3N0YWdpbmcub3JkZW1kb3NmaXNpb3RlcmFwZXV0YXMucHRcL3dwLWNvbnRlbnRcL3VwbG9hZHNcLzIwMjJcLzA2XC9JTUdfNDAzMS5qcGciLCJzbGlkZXNob3ciOiIwOTUxNzNkIn0%3D\">\n\t\t\t\t\t<div class=\"e-gallery-image elementor-gallery-item__image\" data-thumbnail=\"https:\/\/staging.ordemdosfisioterapeutas.pt\/wp-content\/uploads\/2022\/06\/IMG_4031-300x200.jpg\" data-width=\"300\" data-height=\"200\" aria-label=\"Le pr\u00e9sident de l&#039;Ordre des physioth\u00e9rapeutes a particip\u00e9 \u00e0 la discussion du plan strat\u00e9gique de l&#039;\u00c9cole de sant\u00e9 de Santa Maria\" role=\"img\" ><\/div>\n\t\t\t\t\t\t\t\t\t\t\t<div class=\"elementor-gallery-item__overlay\"><\/div>\n\t\t\t\t\t\t\t\t\t\t\t\t\t\t<\/a>\n\t\t\t\t\t<\/div>\n\t\t\t\t\t<\/div>\n\t\t\t\t<\/div>\n\t\t\t\t\t<\/div>\n\t\t<\/div>\n\t\t\t\t\t<\/div>\n\t\t<\/section>\n\t\t\t\t<\/div>","protected":false},"excerpt":{"rendered":"<p>Le pr\u00e9sident de l'ordre des physioth\u00e9rapeutes portugais, Ant\u00f3nio Lopes, a \u00e9t\u00e9 invit\u00e9 \u00e0 participer \u00e0 la discussion du plan strat\u00e9gique de l'\u00e9cole de sant\u00e9 Santa Maria (ESSSM) pour les ann\u00e9es 2023-2027, qui a eu lieu le 4 juin, au Col\u00e9gio Luso-Franc\u00eas, \u00e0 Porto, en pr\u00e9sence du conseil d'administration, des enseignants, du personnel, des \u00e9tudiants et des partenaires de l'ESSSM.<\/p>","protected":false},"author":1,"featured_media":4741,"comment_status":"closed","ping_status":"open","sticky":false,"template":"","format":"standard","meta":{"footnotes":""},"categories":[13],"tags":[],"class_list":["post-4731","post","type-post","status-publish","format-standard","has-post-thumbnail","hentry","category-noticias"],"_links":{"self":[{"href":"https:\/\/staging.ordemdosfisioterapeutas.pt\/fr\/wp-json\/wp\/v2\/posts\/4731","targetHints":{"allow":["GET"]}}],"collection":[{"href":"https:\/\/staging.ordemdosfisioterapeutas.pt\/fr\/wp-json\/wp\/v2\/posts"}],"about":[{"href":"https:\/\/staging.ordemdosfisioterapeutas.pt\/fr\/wp-json\/wp\/v2\/types\/post"}],"author":[{"embeddable":true,"href":"https:\/\/staging.ordemdosfisioterapeutas.pt\/fr\/wp-json\/wp\/v2\/users\/1"}],"replies":[{"embeddable":true,"href":"https:\/\/staging.ordemdosfisioterapeutas.pt\/fr\/wp-json\/wp\/v2\/comments?post=4731"}],"version-history":[{"count":0,"href":"https:\/\/staging.ordemdosfisioterapeutas.pt\/fr\/wp-json\/wp\/v2\/posts\/4731\/revisions"}],"wp:featuredmedia":[{"embeddable":true,"href":"https:\/\/staging.ordemdosfisioterapeutas.pt\/fr\/wp-json\/wp\/v2\/media\/4741"}],"wp:attachment":[{"href":"https:\/\/staging.ordemdosfisioterapeutas.pt\/fr\/wp-json\/wp\/v2\/media?parent=4731"}],"wp:term":[{"taxonomy":"category","embeddable":true,"href":"https:\/\/staging.ordemdosfisioterapeutas.pt\/fr\/wp-json\/wp\/v2\/categories?post=4731"},{"taxonomy":"post_tag","embeddable":true,"href":"https:\/\/staging.ordemdosfisioterapeutas.pt\/fr\/wp-json\/wp\/v2\/tags?post=4731"}],"curies":[{"name":"wp","href":"https:\/\/api.w.org\/{rel}","templated":true}]}}