{"id":4791,"date":"2022-07-04T12:43:36","date_gmt":"2022-07-04T11:43:36","guid":{"rendered":"https:\/\/staging.ordemdosfisioterapeutas.pt\/?p=4791"},"modified":"2022-07-04T12:44:13","modified_gmt":"2022-07-04T11:44:13","slug":"encontro-da-ordem-dos-fisioterapeutas-com-a-socifin-portugal","status":"publish","type":"post","link":"https:\/\/staging.ordemdosfisioterapeutas.pt\/fr\/noticias\/encontro-da-ordem-dos-fisioterapeutas-com-a-socifin-portugal\/","title":{"rendered":"R\u00e9union de l'Ordre des physioth\u00e9rapeutes portugais avec SOCIFIN Portugal"},"content":{"rendered":"<div data-elementor-type=\"wp-post\" data-elementor-id=\"4791\" class=\"elementor elementor-4791\" data-elementor-post-type=\"post\">\n\t\t\t\t\t\t<section class=\"elementor-section elementor-top-section elementor-element elementor-element-28a0e94 elementor-section-boxed elementor-section-height-default elementor-section-height-default\" data-id=\"28a0e94\" data-element_type=\"section\" data-e-type=\"section\">\n\t\t\t\t\t\t<div class=\"elementor-container elementor-column-gap-default\">\n\t\t\t\t\t<div class=\"elementor-column elementor-col-100 elementor-top-column elementor-element elementor-element-a60c27f\" data-id=\"a60c27f\" data-element_type=\"column\" data-e-type=\"column\">\n\t\t\t<div class=\"elementor-widget-wrap elementor-element-populated\">\n\t\t\t\t\t\t<div class=\"elementor-element elementor-element-4acfdb8 elementor-widget elementor-widget-text-editor\" data-id=\"4acfdb8\" data-element_type=\"widget\" data-e-type=\"widget\" data-widget_type=\"text-editor.default\">\n\t\t\t\t<div class=\"elementor-widget-container\">\n\t\t\t\t\t\t\t\t\t<div class=\"\">L'Ordre des physioth\u00e9rapeutes portugais a rencontr\u00e9 le 24 juin dernier SOCIFIN Portugal, la d\u00e9l\u00e9gation portugaise de la Scientific Society for Invasive Physiotherapy.\u00a0<\/div><div class=\"\">SOCIFIN Portugal a pr\u00e9sent\u00e9 sa vision des proc\u00e9dures invasives dans le contexte musculo-squelettique et les d\u00e9fis futurs li\u00e9s \u00e0 l'analyse de leurs preuves et de leur efficacit\u00e9 dans le processus de physioth\u00e9rapie. L'Ordre a r\u00e9it\u00e9r\u00e9 sa volont\u00e9 de travailler avec toutes les soci\u00e9t\u00e9s scientifiques qui promeuvent le d\u00e9veloppement de la physioth\u00e9rapie.<\/div><div class=\"\"><span class=\"\">L'Ordre \u00e9tait repr\u00e9sent\u00e9 par le pr\u00e9sident, le vice-pr\u00e9sident et les membres, respectivement Ant\u00f3nio Lopes, Nuno Cordeiro, Pedro Rebelo et Afonso Neutel. SOCIFIN Portugal \u00e9tait repr\u00e9sent\u00e9e par son pr\u00e9sident Jos\u00e9 Pedro Leite et sa vice-pr\u00e9sidente Rita Moreira\".<\/span>\u00a0<\/div>\t\t\t\t\t\t\t\t<\/div>\n\t\t\t\t<\/div>\n\t\t\t\t\t<\/div>\n\t\t<\/div>\n\t\t\t\t\t<\/div>\n\t\t<\/section>\n\t\t\t\t<\/div>","protected":false},"excerpt":{"rendered":"<p>L'Ordre des physioth\u00e9rapeutes portugais a rencontr\u00e9 le 24 juin dernier SOCIFIN Portugal, la d\u00e9l\u00e9gation portugaise de la Scientific Society for Invasive Physiotherapy. <\/p>","protected":false},"author":1,"featured_media":4792,"comment_status":"closed","ping_status":"open","sticky":false,"template":"","format":"standard","meta":{"footnotes":""},"categories":[13],"tags":[],"class_list":["post-4791","post","type-post","status-publish","format-standard","has-post-thumbnail","hentry","category-noticias"],"_links":{"self":[{"href":"https:\/\/staging.ordemdosfisioterapeutas.pt\/fr\/wp-json\/wp\/v2\/posts\/4791","targetHints":{"allow":["GET"]}}],"collection":[{"href":"https:\/\/staging.ordemdosfisioterapeutas.pt\/fr\/wp-json\/wp\/v2\/posts"}],"about":[{"href":"https:\/\/staging.ordemdosfisioterapeutas.pt\/fr\/wp-json\/wp\/v2\/types\/post"}],"author":[{"embeddable":true,"href":"https:\/\/staging.ordemdosfisioterapeutas.pt\/fr\/wp-json\/wp\/v2\/users\/1"}],"replies":[{"embeddable":true,"href":"https:\/\/staging.ordemdosfisioterapeutas.pt\/fr\/wp-json\/wp\/v2\/comments?post=4791"}],"version-history":[{"count":0,"href":"https:\/\/staging.ordemdosfisioterapeutas.pt\/fr\/wp-json\/wp\/v2\/posts\/4791\/revisions"}],"wp:featuredmedia":[{"embeddable":true,"href":"https:\/\/staging.ordemdosfisioterapeutas.pt\/fr\/wp-json\/wp\/v2\/media\/4792"}],"wp:attachment":[{"href":"https:\/\/staging.ordemdosfisioterapeutas.pt\/fr\/wp-json\/wp\/v2\/media?parent=4791"}],"wp:term":[{"taxonomy":"category","embeddable":true,"href":"https:\/\/staging.ordemdosfisioterapeutas.pt\/fr\/wp-json\/wp\/v2\/categories?post=4791"},{"taxonomy":"post_tag","embeddable":true,"href":"https:\/\/staging.ordemdosfisioterapeutas.pt\/fr\/wp-json\/wp\/v2\/tags?post=4791"}],"curies":[{"name":"wp","href":"https:\/\/api.w.org\/{rel}","templated":true}]}}