{"id":4797,"date":"2022-07-05T14:44:04","date_gmt":"2022-07-05T13:44:04","guid":{"rendered":"https:\/\/staging.ordemdosfisioterapeutas.pt\/?p=4797"},"modified":"2022-07-05T14:44:31","modified_gmt":"2022-07-05T13:44:31","slug":"o-bastonario-da-ordem-dos-fisioterapeutas-na-apresentacao-do-livro-a-compendium-of-interventions-for-the-noninvasive-management-of-ventilatory-pump-failure","status":"publish","type":"post","link":"https:\/\/staging.ordemdosfisioterapeutas.pt\/fr\/noticias\/o-bastonario-da-ordem-dos-fisioterapeutas-na-apresentacao-do-livro-a-compendium-of-interventions-for-the-noninvasive-management-of-ventilatory-pump-failure\/","title":{"rendered":"Le pr\u00e9sident de l'Ordre des physioth\u00e9rapeutes portugais lors de la pr\u00e9sentation du livre \"A Compendium of Interventions for the Noninvasive Management of Ventilatory Pump Failure\"."},"content":{"rendered":"<div data-elementor-type=\"wp-post\" data-elementor-id=\"4797\" class=\"elementor elementor-4797\" data-elementor-post-type=\"post\">\n\t\t\t\t\t\t<section class=\"elementor-section elementor-top-section elementor-element elementor-element-c172cc4 elementor-section-boxed elementor-section-height-default elementor-section-height-default\" data-id=\"c172cc4\" data-element_type=\"section\" data-e-type=\"section\">\n\t\t\t\t\t\t<div class=\"elementor-container elementor-column-gap-default\">\n\t\t\t\t\t<div class=\"elementor-column elementor-col-100 elementor-top-column elementor-element elementor-element-a1a02f6\" data-id=\"a1a02f6\" data-element_type=\"column\" data-e-type=\"column\">\n\t\t\t<div class=\"elementor-widget-wrap elementor-element-populated\">\n\t\t\t\t\t\t<div class=\"elementor-element elementor-element-f988553 elementor-widget elementor-widget-text-editor\" data-id=\"f988553\" data-element_type=\"widget\" data-e-type=\"widget\" data-widget_type=\"text-editor.default\">\n\t\t\t\t<div class=\"elementor-widget-container\">\n\t\t\t\t\t\t\t\t\t<p>Le pr\u00e9sident de l'Ordre des physioth\u00e9rapeutes, Ant\u00f3nio Lopes, a assist\u00e9 \u00e0 la pr\u00e9sentation et au lancement du livre \"A Compendium of Interventions for the Noninvasive Management of Ventilatory Pump Failure\", un recueil de strat\u00e9gies ventilatoires non invasives pour les patients respiratoires s\u00e9v\u00e8res, par le professeur John Bach de l'Universit\u00e9 Rutgers (USA), consid\u00e9r\u00e9 comme une \"l\u00e9gende vivante\" de la m\u00e9decine respiratoire, en collaboration avec le professeur Miguel Gon\u00e7alves, de la Facult\u00e9 de m\u00e9decine de l'Universit\u00e9 de Porto (FMUP). Une partie du livre, d'environ 700 pages r\u00e9parties en 38 chapitres, est consacr\u00e9e \u00e0 la physioth\u00e9rapie respiratoire, domaine de sp\u00e9cialit\u00e9 de Miguel Gon\u00e7alves, qui est \u00e9galement membre du Conseil g\u00e9n\u00e9ral de l'Ordre des physioth\u00e9rapeutes. La c\u00e9r\u00e9monie de lancement a eu lieu le 1er juillet \u00e0 la Facult\u00e9 de m\u00e9decine de l'Universit\u00e9 de Porto en pr\u00e9sence de plusieurs physioth\u00e9rapeutes.<\/p>\t\t\t\t\t\t\t\t<\/div>\n\t\t\t\t<\/div>\n\t\t\t\t\t<\/div>\n\t\t<\/div>\n\t\t\t\t\t<\/div>\n\t\t<\/section>\n\t\t\t\t<\/div>","protected":false},"excerpt":{"rendered":"<p>Le pr\u00e9sident de l'Ordre des physioth\u00e9rapeutes portugais, Ant\u00f3nio Lopes, \u00e9tait pr\u00e9sent lors de la pr\u00e9sentation et du lancement du livre \"A Compendium of Interventions for the Noninvasive Management of Ventilatory Pump Failure\".<\/p>","protected":false},"author":1,"featured_media":4798,"comment_status":"closed","ping_status":"open","sticky":false,"template":"","format":"standard","meta":{"footnotes":""},"categories":[13],"tags":[],"class_list":["post-4797","post","type-post","status-publish","format-standard","has-post-thumbnail","hentry","category-noticias"],"_links":{"self":[{"href":"https:\/\/staging.ordemdosfisioterapeutas.pt\/fr\/wp-json\/wp\/v2\/posts\/4797","targetHints":{"allow":["GET"]}}],"collection":[{"href":"https:\/\/staging.ordemdosfisioterapeutas.pt\/fr\/wp-json\/wp\/v2\/posts"}],"about":[{"href":"https:\/\/staging.ordemdosfisioterapeutas.pt\/fr\/wp-json\/wp\/v2\/types\/post"}],"author":[{"embeddable":true,"href":"https:\/\/staging.ordemdosfisioterapeutas.pt\/fr\/wp-json\/wp\/v2\/users\/1"}],"replies":[{"embeddable":true,"href":"https:\/\/staging.ordemdosfisioterapeutas.pt\/fr\/wp-json\/wp\/v2\/comments?post=4797"}],"version-history":[{"count":0,"href":"https:\/\/staging.ordemdosfisioterapeutas.pt\/fr\/wp-json\/wp\/v2\/posts\/4797\/revisions"}],"wp:featuredmedia":[{"embeddable":true,"href":"https:\/\/staging.ordemdosfisioterapeutas.pt\/fr\/wp-json\/wp\/v2\/media\/4798"}],"wp:attachment":[{"href":"https:\/\/staging.ordemdosfisioterapeutas.pt\/fr\/wp-json\/wp\/v2\/media?parent=4797"}],"wp:term":[{"taxonomy":"category","embeddable":true,"href":"https:\/\/staging.ordemdosfisioterapeutas.pt\/fr\/wp-json\/wp\/v2\/categories?post=4797"},{"taxonomy":"post_tag","embeddable":true,"href":"https:\/\/staging.ordemdosfisioterapeutas.pt\/fr\/wp-json\/wp\/v2\/tags?post=4797"}],"curies":[{"name":"wp","href":"https:\/\/api.w.org\/{rel}","templated":true}]}}