{"id":4853,"date":"2022-07-14T16:58:59","date_gmt":"2022-07-14T15:58:59","guid":{"rendered":"https:\/\/staging.ordemdosfisioterapeutas.pt\/?p=4853"},"modified":"2022-07-14T17:15:16","modified_gmt":"2022-07-14T16:15:16","slug":"cedulas-profissionais-dos-fisioterapeutas","status":"publish","type":"post","link":"https:\/\/staging.ordemdosfisioterapeutas.pt\/fr\/noticias\/cedulas-profissionais-dos-fisioterapeutas\/","title":{"rendered":"Licences professionnelles des physioth\u00e9rapeutes"},"content":{"rendered":"<div data-elementor-type=\"wp-post\" data-elementor-id=\"4853\" class=\"elementor elementor-4853\" data-elementor-post-type=\"post\">\n\t\t\t\t\t\t<section class=\"elementor-section elementor-top-section elementor-element elementor-element-20b6924 elementor-section-boxed elementor-section-height-default elementor-section-height-default\" data-id=\"20b6924\" data-element_type=\"section\" data-e-type=\"section\">\n\t\t\t\t\t\t<div class=\"elementor-container elementor-column-gap-default\">\n\t\t\t\t\t<div class=\"elementor-column elementor-col-100 elementor-top-column elementor-element elementor-element-041e8a8\" data-id=\"041e8a8\" data-element_type=\"column\" data-e-type=\"column\">\n\t\t\t<div class=\"elementor-widget-wrap elementor-element-populated\">\n\t\t\t\t\t\t<div class=\"elementor-element elementor-element-d0a823e elementor-widget elementor-widget-text-editor\" data-id=\"d0a823e\" data-element_type=\"widget\" data-e-type=\"widget\" data-widget_type=\"text-editor.default\">\n\t\t\t\t<div class=\"elementor-widget-container\">\n\t\t\t\t\t\t\t\t\t<p>Les cartes professionnelles des kin\u00e9sith\u00e9rapeutes ont commenc\u00e9 \u00e0 \u00eatre envoy\u00e9es par simple courrier recommand\u00e9. Ce premier lot devrait parvenir \u00e0 leurs titulaires respectifs dans les prochains jours. <br \/>Dans son comportement professionnel, le kin\u00e9sith\u00e9rapeute doit s'identifier pr\u00e9cis\u00e9ment comme membre de l'Ordre, notamment par sa d\u00e9nomination professionnelle et son num\u00e9ro de carte professionnelle. <br \/>Pour le pr\u00e9sident Ant\u00f3nio Lopes, \"la possession de la c\u00e9dula, sous forme de carte, facilite l'accomplissement de ce devoir de conduite et constitue une \u00e9tape importante dans le renforcement de l'identit\u00e9 individuelle et de l'image collective des physioth\u00e9rapeutes\"<span style=\"color: var( --e-global-color-text ); font-family: var( --e-global-typography-text-font-family ), Sans-serif; font-size: var( --e-global-typography-text-font-size ); font-weight: var( --e-global-typography-text-font-weight );\">.<\/span><\/p>\t\t\t\t\t\t\t\t<\/div>\n\t\t\t\t<\/div>\n\t\t\t\t\t<\/div>\n\t\t<\/div>\n\t\t\t\t\t<\/div>\n\t\t<\/section>\n\t\t\t\t<\/div>","protected":false},"excerpt":{"rendered":"<p>Les cartes professionnelles des physioth\u00e9rapeutes ont commenc\u00e9 \u00e0 \u00eatre envoy\u00e9es par simple courrier recommand\u00e9.<\/p>","protected":false},"author":1,"featured_media":4854,"comment_status":"closed","ping_status":"open","sticky":false,"template":"","format":"standard","meta":{"footnotes":""},"categories":[13],"tags":[],"class_list":["post-4853","post","type-post","status-publish","format-standard","has-post-thumbnail","hentry","category-noticias"],"_links":{"self":[{"href":"https:\/\/staging.ordemdosfisioterapeutas.pt\/fr\/wp-json\/wp\/v2\/posts\/4853","targetHints":{"allow":["GET"]}}],"collection":[{"href":"https:\/\/staging.ordemdosfisioterapeutas.pt\/fr\/wp-json\/wp\/v2\/posts"}],"about":[{"href":"https:\/\/staging.ordemdosfisioterapeutas.pt\/fr\/wp-json\/wp\/v2\/types\/post"}],"author":[{"embeddable":true,"href":"https:\/\/staging.ordemdosfisioterapeutas.pt\/fr\/wp-json\/wp\/v2\/users\/1"}],"replies":[{"embeddable":true,"href":"https:\/\/staging.ordemdosfisioterapeutas.pt\/fr\/wp-json\/wp\/v2\/comments?post=4853"}],"version-history":[{"count":0,"href":"https:\/\/staging.ordemdosfisioterapeutas.pt\/fr\/wp-json\/wp\/v2\/posts\/4853\/revisions"}],"wp:featuredmedia":[{"embeddable":true,"href":"https:\/\/staging.ordemdosfisioterapeutas.pt\/fr\/wp-json\/wp\/v2\/media\/4854"}],"wp:attachment":[{"href":"https:\/\/staging.ordemdosfisioterapeutas.pt\/fr\/wp-json\/wp\/v2\/media?parent=4853"}],"wp:term":[{"taxonomy":"category","embeddable":true,"href":"https:\/\/staging.ordemdosfisioterapeutas.pt\/fr\/wp-json\/wp\/v2\/categories?post=4853"},{"taxonomy":"post_tag","embeddable":true,"href":"https:\/\/staging.ordemdosfisioterapeutas.pt\/fr\/wp-json\/wp\/v2\/tags?post=4853"}],"curies":[{"name":"wp","href":"https:\/\/api.w.org\/{rel}","templated":true}]}}