{"id":4876,"date":"2022-07-26T17:01:38","date_gmt":"2022-07-26T16:01:38","guid":{"rendered":"https:\/\/staging.ordemdosfisioterapeutas.pt\/?p=4876"},"modified":"2022-07-26T17:02:44","modified_gmt":"2022-07-26T16:02:44","slug":"bastonario-da-ordem-dos-fisioterapeutas-e-bastonario-da-ordem-dos-farmaceuticos-reunidos","status":"publish","type":"post","link":"https:\/\/staging.ordemdosfisioterapeutas.pt\/fr\/noticias\/bastonario-da-ordem-dos-fisioterapeutas-e-bastonario-da-ordem-dos-farmaceuticos-reunidos\/","title":{"rendered":"Rencontre du pr\u00e9sident de l'Ordre des kin\u00e9sith\u00e9rapeutes et du pr\u00e9sident de l'Ordre des pharmaciens"},"content":{"rendered":"<div data-elementor-type=\"wp-post\" data-elementor-id=\"4876\" class=\"elementor elementor-4876\" data-elementor-post-type=\"post\">\n\t\t\t\t\t\t<section class=\"elementor-section elementor-top-section elementor-element elementor-element-099b456 elementor-section-boxed elementor-section-height-default elementor-section-height-default\" data-id=\"099b456\" data-element_type=\"section\" data-e-type=\"section\">\n\t\t\t\t\t\t<div class=\"elementor-container elementor-column-gap-default\">\n\t\t\t\t\t<div class=\"elementor-column elementor-col-100 elementor-top-column elementor-element elementor-element-10ed5c2\" data-id=\"10ed5c2\" data-element_type=\"column\" data-e-type=\"column\">\n\t\t\t<div class=\"elementor-widget-wrap elementor-element-populated\">\n\t\t\t\t\t\t<div class=\"elementor-element elementor-element-610c54f elementor-widget elementor-widget-text-editor\" data-id=\"610c54f\" data-element_type=\"widget\" data-e-type=\"widget\" data-widget_type=\"text-editor.default\">\n\t\t\t\t<div class=\"elementor-widget-container\">\n\t\t\t\t\t\t\t\t\t<p>Le Pr\u00e9sident de l'Ordre des kin\u00e9sith\u00e9rapeutes, Ant\u00f3nio Lopes, et le Pr\u00e9sident de l'Ordre des pharmaciens, Helder Mota Filipe, se sont r\u00e9unis le 14 juillet. Le Secr\u00e9taire g\u00e9n\u00e9ral de l'Ordre des pharmaciens, Jorge Batista, a \u00e9galement particip\u00e9 \u00e0 la r\u00e9union.<\/p><p>L'objectif de cette rencontre \u00e9tait de se serrer la main et de poursuivre la collaboration d\u00e9j\u00e0 \u00e9tablie entre les deux Ordres, en soulignant le d\u00e9sir de continuer \u00e0 coop\u00e9rer entre les deux institutions.\u00a0<\/p><p>L'Ordre des kin\u00e9sith\u00e9rapeutes a soulign\u00e9 son int\u00e9r\u00eat particulier pour conna\u00eetre le syst\u00e8me d'accr\u00e9ditation des activit\u00e9s de formation professionnelle continue en vigueur \u00e0 l'Ordre des pharmaciens, et une r\u00e9union de travail plus sp\u00e9cifique sur ce syst\u00e8me a \u00e9t\u00e9 pr\u00e9vue. L'analyse de l'exp\u00e9rience de l'Ordre des pharmaciens en tant qu'autorit\u00e9 comp\u00e9tente en mati\u00e8re de reconnaissance professionnelle et les travaux men\u00e9s au niveau europ\u00e9en constituent d'autres sujets d'int\u00e9r\u00eat.\u00a0<\/p><p>Lors de cette rencontre entre les deux pr\u00e9sidents, d'autres questions d'actualit\u00e9 relatives au cadre des organisations professionnelles ont \u00e9galement \u00e9t\u00e9 analys\u00e9es.<\/p>\t\t\t\t\t\t\t\t<\/div>\n\t\t\t\t<\/div>\n\t\t\t\t\t<\/div>\n\t\t<\/div>\n\t\t\t\t\t<\/div>\n\t\t<\/section>\n\t\t\t\t<\/div>","protected":false},"excerpt":{"rendered":"<p>Le pr\u00e9sident de l'Ordre des physioth\u00e9rapeutes portugais, Ant\u00f3nio Lopes, et le pr\u00e9sident de l'Ordre des pharmaciens, Helder Mota Filipe, se sont rencontr\u00e9s le 14 juillet.<\/p>","protected":false},"author":1,"featured_media":4877,"comment_status":"closed","ping_status":"open","sticky":false,"template":"","format":"standard","meta":{"footnotes":""},"categories":[13],"tags":[],"class_list":["post-4876","post","type-post","status-publish","format-standard","has-post-thumbnail","hentry","category-noticias"],"_links":{"self":[{"href":"https:\/\/staging.ordemdosfisioterapeutas.pt\/fr\/wp-json\/wp\/v2\/posts\/4876","targetHints":{"allow":["GET"]}}],"collection":[{"href":"https:\/\/staging.ordemdosfisioterapeutas.pt\/fr\/wp-json\/wp\/v2\/posts"}],"about":[{"href":"https:\/\/staging.ordemdosfisioterapeutas.pt\/fr\/wp-json\/wp\/v2\/types\/post"}],"author":[{"embeddable":true,"href":"https:\/\/staging.ordemdosfisioterapeutas.pt\/fr\/wp-json\/wp\/v2\/users\/1"}],"replies":[{"embeddable":true,"href":"https:\/\/staging.ordemdosfisioterapeutas.pt\/fr\/wp-json\/wp\/v2\/comments?post=4876"}],"version-history":[{"count":0,"href":"https:\/\/staging.ordemdosfisioterapeutas.pt\/fr\/wp-json\/wp\/v2\/posts\/4876\/revisions"}],"wp:featuredmedia":[{"embeddable":true,"href":"https:\/\/staging.ordemdosfisioterapeutas.pt\/fr\/wp-json\/wp\/v2\/media\/4877"}],"wp:attachment":[{"href":"https:\/\/staging.ordemdosfisioterapeutas.pt\/fr\/wp-json\/wp\/v2\/media?parent=4876"}],"wp:term":[{"taxonomy":"category","embeddable":true,"href":"https:\/\/staging.ordemdosfisioterapeutas.pt\/fr\/wp-json\/wp\/v2\/categories?post=4876"},{"taxonomy":"post_tag","embeddable":true,"href":"https:\/\/staging.ordemdosfisioterapeutas.pt\/fr\/wp-json\/wp\/v2\/tags?post=4876"}],"curies":[{"name":"wp","href":"https:\/\/api.w.org\/{rel}","templated":true}]}}